{"id":118,"date":"2018-05-09T15:34:35","date_gmt":"2018-05-09T13:34:35","guid":{"rendered":"http:\/\/www.lemporiodelleidee.it\/articoli\/?p=118"},"modified":"2018-05-09T15:34:35","modified_gmt":"2018-05-09T13:34:35","slug":"arredamenti-prato","status":"publish","type":"post","link":"https:\/\/www.lemporiodelleidee.it\/articoli\/2018\/05\/09\/arredamenti-prato\/","title":{"rendered":"Arredamenti Prato"},"content":{"rendered":"<div class=\"bffc8b465260131ebec72756c0b29a56\" data-index=\"1\" style=\"float: none; margin:10px 0 10px 0; text-align:center;\">\n<script async src=\"\/\/pagead2.googlesyndication.com\/pagead\/js\/adsbygoogle.js\"><\/script>\r\n<!-- laroveta -->\n<\/div>\n<p><span style=\"font-weight: 400;\">Quando si parla di artigianato non si pu\u00f2 far riferimento alle aziende artigianali toscane leader da sempre nel settore manifatturiero valorizzando le specialit\u00e0 regionali<\/span><\/p>\n<p><span style=\"font-weight: 400;\"> in particolar modo \u00e8 da sottolineare il grosso lavoro svolto nel settore dell&#8217;arredamento e dei mobili che da sempre rappresenta uno dei fiori all&#8217;occhiello della regione Toscana<\/span><\/p>\n<p><span style=\"font-weight: 400;\"> chi non ha mai comprato un mobile nella zona di Quarrata di Pistoia di <a href=\"http:\/\/www.fmarredamentisrl.com\/\" target=\"_blank\" rel=\"noopener\">Prato <\/a>di Firenze ma anche di Lucca localit\u00e0 che grazie all&#8217;esperienza accumulata nel tempo hanno prodotto veri e propri capolavori dell&#8217;arredamento italiano<\/span><\/p>\n<p><span style=\"font-weight: 400;\"> e quando si parla di <a href=\"http:\/\/www.fmarredamentisrl.it\/\" target=\"_blank\" rel=\"noopener\">arredamenti Prato<\/a> non si pu\u00f2 non far riferimento a <a href=\"http:\/\/www.tuscanylab.com\" target=\"_blank\" rel=\"noopener\">FM arredamenti<\/a> che da decenni opera e produce mobili per tutti i settori dalle camerette ai <a href=\"http:\/\/www.tuscanylab.it\/\" target=\"_blank\" rel=\"noopener\">tavoli <\/a>da cucina e cos\u00ec via<\/span><\/p>\n<p><span style=\"font-weight: 400;\"> il Vasto catalogo aziendale \u00e8 in costante aggiornamento Grazie proprio alle produzione che il settore del mobile impone <\/span><\/p>\n\n<div style=\"font-size: 0px; height: 0px; line-height: 0px; margin: 0; padding: 0; clear: both;\"><\/div>","protected":false},"excerpt":{"rendered":"<p>Quando si parla di artigianato non si pu\u00f2 far riferimento alle aziende artigianali toscane leader da sempre nel settore manifatturiero valorizzando le specialit\u00e0 regionali in particolar modo \u00e8 da sottolineare il grosso lavoro svolto nel settore dell&#8217;arredamento e dei mobili che da sempre rappresenta uno dei fiori all&#8217;occhiello della regione Toscana chi non ha mai [&hellip;]<\/p>\n","protected":false},"author":2,"featured_media":120,"comment_status":"closed","ping_status":"closed","sticky":false,"template":"","format":"standard","meta":{"footnotes":""},"categories":[14],"tags":[],"class_list":["post-118","post","type-post","status-publish","format-standard","has-post-thumbnail","hentry","category-arredamento"],"yoast_head":"<!-- This site is optimized with the Yoast SEO plugin v27.5 - https:\/\/yoast.com\/product\/yoast-seo-wordpress\/ -->\n<title>Arredamenti Prato - Emporio delle idee<\/title>\n<meta name=\"robots\" content=\"index, follow, max-snippet:-1, max-image-preview:large, max-video-preview:-1\" \/>\n<link rel=\"canonical\" href=\"https:\/\/www.lemporiodelleidee.it\/articoli\/2018\/05\/09\/arredamenti-prato\/\" \/>\n<meta property=\"og:locale\" content=\"it_IT\" \/>\n<meta property=\"og:type\" content=\"article\" \/>\n<meta property=\"og:title\" content=\"Arredamenti Prato - Emporio delle idee\" \/>\n<meta property=\"og:description\" content=\"Quando si parla di artigianato non si pu\u00f2 far riferimento alle aziende artigianali toscane leader da sempre nel settore manifatturiero valorizzando le specialit\u00e0 regionali in particolar modo \u00e8 da sottolineare il grosso lavoro svolto nel settore dell&#8217;arredamento e dei mobili che da sempre rappresenta uno dei fiori all&#8217;occhiello della regione Toscana chi non ha mai [&hellip;]\" \/>\n<meta property=\"og:url\" content=\"https:\/\/www.lemporiodelleidee.it\/articoli\/2018\/05\/09\/arredamenti-prato\/\" \/>\n<meta property=\"og:site_name\" content=\"Emporio delle idee\" \/>\n<meta property=\"article:published_time\" content=\"2018-05-09T13:34:35+00:00\" \/>\n<meta property=\"og:image\" content=\"https:\/\/www.lemporiodelleidee.it\/articoli\/wp-content\/uploads\/2018\/05\/fm.jpg\" \/>\n\t<meta property=\"og:image:width\" content=\"657\" \/>\n\t<meta property=\"og:image:height\" content=\"384\" \/>\n\t<meta property=\"og:image:type\" content=\"image\/jpeg\" \/>\n<meta name=\"author\" content=\"ocirne\" \/>\n<meta name=\"twitter:card\" content=\"summary_large_image\" \/>\n<meta name=\"twitter:label1\" content=\"Scritto da\" \/>\n\t<meta name=\"twitter:data1\" content=\"ocirne\" \/>\n\t<meta name=\"twitter:label2\" content=\"Tempo di lettura stimato\" \/>\n\t<meta name=\"twitter:data2\" content=\"1 minuto\" \/>\n<script type=\"application\/ld+json\" class=\"yoast-schema-graph\">{\"@context\":\"https:\\\/\\\/schema.org\",\"@graph\":[{\"@type\":\"Article\",\"@id\":\"https:\\\/\\\/www.lemporiodelleidee.it\\\/articoli\\\/2018\\\/05\\\/09\\\/arredamenti-prato\\\/#article\",\"isPartOf\":{\"@id\":\"https:\\\/\\\/www.lemporiodelleidee.it\\\/articoli\\\/2018\\\/05\\\/09\\\/arredamenti-prato\\\/\"},\"author\":{\"name\":\"ocirne\",\"@id\":\"https:\\\/\\\/www.lemporiodelleidee.it\\\/articoli\\\/#\\\/schema\\\/person\\\/73a919c9c7bb23f00a92ce23b68f8023\"},\"headline\":\"Arredamenti Prato\",\"datePublished\":\"2018-05-09T13:34:35+00:00\",\"mainEntityOfPage\":{\"@id\":\"https:\\\/\\\/www.lemporiodelleidee.it\\\/articoli\\\/2018\\\/05\\\/09\\\/arredamenti-prato\\\/\"},\"wordCount\":141,\"image\":{\"@id\":\"https:\\\/\\\/www.lemporiodelleidee.it\\\/articoli\\\/2018\\\/05\\\/09\\\/arredamenti-prato\\\/#primaryimage\"},\"thumbnailUrl\":\"https:\\\/\\\/www.lemporiodelleidee.it\\\/articoli\\\/wp-content\\\/uploads\\\/2018\\\/05\\\/fm.jpg\",\"articleSection\":[\"Arredamento\"],\"inLanguage\":\"it-IT\"},{\"@type\":\"WebPage\",\"@id\":\"https:\\\/\\\/www.lemporiodelleidee.it\\\/articoli\\\/2018\\\/05\\\/09\\\/arredamenti-prato\\\/\",\"url\":\"https:\\\/\\\/www.lemporiodelleidee.it\\\/articoli\\\/2018\\\/05\\\/09\\\/arredamenti-prato\\\/\",\"name\":\"Arredamenti Prato - Emporio delle idee\",\"isPartOf\":{\"@id\":\"https:\\\/\\\/www.lemporiodelleidee.it\\\/articoli\\\/#website\"},\"primaryImageOfPage\":{\"@id\":\"https:\\\/\\\/www.lemporiodelleidee.it\\\/articoli\\\/2018\\\/05\\\/09\\\/arredamenti-prato\\\/#primaryimage\"},\"image\":{\"@id\":\"https:\\\/\\\/www.lemporiodelleidee.it\\\/articoli\\\/2018\\\/05\\\/09\\\/arredamenti-prato\\\/#primaryimage\"},\"thumbnailUrl\":\"https:\\\/\\\/www.lemporiodelleidee.it\\\/articoli\\\/wp-content\\\/uploads\\\/2018\\\/05\\\/fm.jpg\",\"datePublished\":\"2018-05-09T13:34:35+00:00\",\"author\":{\"@id\":\"https:\\\/\\\/www.lemporiodelleidee.it\\\/articoli\\\/#\\\/schema\\\/person\\\/73a919c9c7bb23f00a92ce23b68f8023\"},\"breadcrumb\":{\"@id\":\"https:\\\/\\\/www.lemporiodelleidee.it\\\/articoli\\\/2018\\\/05\\\/09\\\/arredamenti-prato\\\/#breadcrumb\"},\"inLanguage\":\"it-IT\",\"potentialAction\":[{\"@type\":\"ReadAction\",\"target\":[\"https:\\\/\\\/www.lemporiodelleidee.it\\\/articoli\\\/2018\\\/05\\\/09\\\/arredamenti-prato\\\/\"]}]},{\"@type\":\"ImageObject\",\"inLanguage\":\"it-IT\",\"@id\":\"https:\\\/\\\/www.lemporiodelleidee.it\\\/articoli\\\/2018\\\/05\\\/09\\\/arredamenti-prato\\\/#primaryimage\",\"url\":\"https:\\\/\\\/www.lemporiodelleidee.it\\\/articoli\\\/wp-content\\\/uploads\\\/2018\\\/05\\\/fm.jpg\",\"contentUrl\":\"https:\\\/\\\/www.lemporiodelleidee.it\\\/articoli\\\/wp-content\\\/uploads\\\/2018\\\/05\\\/fm.jpg\",\"width\":657,\"height\":384,\"caption\":\"Arredamenti Prato\"},{\"@type\":\"BreadcrumbList\",\"@id\":\"https:\\\/\\\/www.lemporiodelleidee.it\\\/articoli\\\/2018\\\/05\\\/09\\\/arredamenti-prato\\\/#breadcrumb\",\"itemListElement\":[{\"@type\":\"ListItem\",\"position\":1,\"name\":\"Home\",\"item\":\"https:\\\/\\\/www.lemporiodelleidee.it\\\/articoli\\\/\"},{\"@type\":\"ListItem\",\"position\":2,\"name\":\"Arredamenti Prato\"}]},{\"@type\":\"WebSite\",\"@id\":\"https:\\\/\\\/www.lemporiodelleidee.it\\\/articoli\\\/#website\",\"url\":\"https:\\\/\\\/www.lemporiodelleidee.it\\\/articoli\\\/\",\"name\":\"Emporio delle idee\",\"description\":\"I migliori siti del web\",\"potentialAction\":[{\"@type\":\"SearchAction\",\"target\":{\"@type\":\"EntryPoint\",\"urlTemplate\":\"https:\\\/\\\/www.lemporiodelleidee.it\\\/articoli\\\/?s={search_term_string}\"},\"query-input\":{\"@type\":\"PropertyValueSpecification\",\"valueRequired\":true,\"valueName\":\"search_term_string\"}}],\"inLanguage\":\"it-IT\"},{\"@type\":\"Person\",\"@id\":\"https:\\\/\\\/www.lemporiodelleidee.it\\\/articoli\\\/#\\\/schema\\\/person\\\/73a919c9c7bb23f00a92ce23b68f8023\",\"name\":\"ocirne\",\"image\":{\"@type\":\"ImageObject\",\"inLanguage\":\"it-IT\",\"@id\":\"https:\\\/\\\/secure.gravatar.com\\\/avatar\\\/f072f13a935e1f817dbf02b3cfb832272e90062857af4be4f54bdca75587384c?s=96&d=mm&r=g\",\"url\":\"https:\\\/\\\/secure.gravatar.com\\\/avatar\\\/f072f13a935e1f817dbf02b3cfb832272e90062857af4be4f54bdca75587384c?s=96&d=mm&r=g\",\"contentUrl\":\"https:\\\/\\\/secure.gravatar.com\\\/avatar\\\/f072f13a935e1f817dbf02b3cfb832272e90062857af4be4f54bdca75587384c?s=96&d=mm&r=g\",\"caption\":\"ocirne\"},\"url\":\"https:\\\/\\\/www.lemporiodelleidee.it\\\/articoli\\\/author\\\/enrico\\\/\"}]}<\/script>\n<!-- \/ Yoast SEO plugin. -->","yoast_head_json":{"title":"Arredamenti Prato - Emporio delle idee","robots":{"index":"index","follow":"follow","max-snippet":"max-snippet:-1","max-image-preview":"max-image-preview:large","max-video-preview":"max-video-preview:-1"},"canonical":"https:\/\/www.lemporiodelleidee.it\/articoli\/2018\/05\/09\/arredamenti-prato\/","og_locale":"it_IT","og_type":"article","og_title":"Arredamenti Prato - Emporio delle idee","og_description":"Quando si parla di artigianato non si pu\u00f2 far riferimento alle aziende artigianali toscane leader da sempre nel settore manifatturiero valorizzando le specialit\u00e0 regionali in particolar modo \u00e8 da sottolineare il grosso lavoro svolto nel settore dell&#8217;arredamento e dei mobili che da sempre rappresenta uno dei fiori all&#8217;occhiello della regione Toscana chi non ha mai [&hellip;]","og_url":"https:\/\/www.lemporiodelleidee.it\/articoli\/2018\/05\/09\/arredamenti-prato\/","og_site_name":"Emporio delle idee","article_published_time":"2018-05-09T13:34:35+00:00","og_image":[{"width":657,"height":384,"url":"https:\/\/www.lemporiodelleidee.it\/articoli\/wp-content\/uploads\/2018\/05\/fm.jpg","type":"image\/jpeg"}],"author":"ocirne","twitter_card":"summary_large_image","twitter_misc":{"Scritto da":"ocirne","Tempo di lettura stimato":"1 minuto"},"schema":{"@context":"https:\/\/schema.org","@graph":[{"@type":"Article","@id":"https:\/\/www.lemporiodelleidee.it\/articoli\/2018\/05\/09\/arredamenti-prato\/#article","isPartOf":{"@id":"https:\/\/www.lemporiodelleidee.it\/articoli\/2018\/05\/09\/arredamenti-prato\/"},"author":{"name":"ocirne","@id":"https:\/\/www.lemporiodelleidee.it\/articoli\/#\/schema\/person\/73a919c9c7bb23f00a92ce23b68f8023"},"headline":"Arredamenti Prato","datePublished":"2018-05-09T13:34:35+00:00","mainEntityOfPage":{"@id":"https:\/\/www.lemporiodelleidee.it\/articoli\/2018\/05\/09\/arredamenti-prato\/"},"wordCount":141,"image":{"@id":"https:\/\/www.lemporiodelleidee.it\/articoli\/2018\/05\/09\/arredamenti-prato\/#primaryimage"},"thumbnailUrl":"https:\/\/www.lemporiodelleidee.it\/articoli\/wp-content\/uploads\/2018\/05\/fm.jpg","articleSection":["Arredamento"],"inLanguage":"it-IT"},{"@type":"WebPage","@id":"https:\/\/www.lemporiodelleidee.it\/articoli\/2018\/05\/09\/arredamenti-prato\/","url":"https:\/\/www.lemporiodelleidee.it\/articoli\/2018\/05\/09\/arredamenti-prato\/","name":"Arredamenti Prato - Emporio delle idee","isPartOf":{"@id":"https:\/\/www.lemporiodelleidee.it\/articoli\/#website"},"primaryImageOfPage":{"@id":"https:\/\/www.lemporiodelleidee.it\/articoli\/2018\/05\/09\/arredamenti-prato\/#primaryimage"},"image":{"@id":"https:\/\/www.lemporiodelleidee.it\/articoli\/2018\/05\/09\/arredamenti-prato\/#primaryimage"},"thumbnailUrl":"https:\/\/www.lemporiodelleidee.it\/articoli\/wp-content\/uploads\/2018\/05\/fm.jpg","datePublished":"2018-05-09T13:34:35+00:00","author":{"@id":"https:\/\/www.lemporiodelleidee.it\/articoli\/#\/schema\/person\/73a919c9c7bb23f00a92ce23b68f8023"},"breadcrumb":{"@id":"https:\/\/www.lemporiodelleidee.it\/articoli\/2018\/05\/09\/arredamenti-prato\/#breadcrumb"},"inLanguage":"it-IT","potentialAction":[{"@type":"ReadAction","target":["https:\/\/www.lemporiodelleidee.it\/articoli\/2018\/05\/09\/arredamenti-prato\/"]}]},{"@type":"ImageObject","inLanguage":"it-IT","@id":"https:\/\/www.lemporiodelleidee.it\/articoli\/2018\/05\/09\/arredamenti-prato\/#primaryimage","url":"https:\/\/www.lemporiodelleidee.it\/articoli\/wp-content\/uploads\/2018\/05\/fm.jpg","contentUrl":"https:\/\/www.lemporiodelleidee.it\/articoli\/wp-content\/uploads\/2018\/05\/fm.jpg","width":657,"height":384,"caption":"Arredamenti Prato"},{"@type":"BreadcrumbList","@id":"https:\/\/www.lemporiodelleidee.it\/articoli\/2018\/05\/09\/arredamenti-prato\/#breadcrumb","itemListElement":[{"@type":"ListItem","position":1,"name":"Home","item":"https:\/\/www.lemporiodelleidee.it\/articoli\/"},{"@type":"ListItem","position":2,"name":"Arredamenti Prato"}]},{"@type":"WebSite","@id":"https:\/\/www.lemporiodelleidee.it\/articoli\/#website","url":"https:\/\/www.lemporiodelleidee.it\/articoli\/","name":"Emporio delle idee","description":"I migliori siti del web","potentialAction":[{"@type":"SearchAction","target":{"@type":"EntryPoint","urlTemplate":"https:\/\/www.lemporiodelleidee.it\/articoli\/?s={search_term_string}"},"query-input":{"@type":"PropertyValueSpecification","valueRequired":true,"valueName":"search_term_string"}}],"inLanguage":"it-IT"},{"@type":"Person","@id":"https:\/\/www.lemporiodelleidee.it\/articoli\/#\/schema\/person\/73a919c9c7bb23f00a92ce23b68f8023","name":"ocirne","image":{"@type":"ImageObject","inLanguage":"it-IT","@id":"https:\/\/secure.gravatar.com\/avatar\/f072f13a935e1f817dbf02b3cfb832272e90062857af4be4f54bdca75587384c?s=96&d=mm&r=g","url":"https:\/\/secure.gravatar.com\/avatar\/f072f13a935e1f817dbf02b3cfb832272e90062857af4be4f54bdca75587384c?s=96&d=mm&r=g","contentUrl":"https:\/\/secure.gravatar.com\/avatar\/f072f13a935e1f817dbf02b3cfb832272e90062857af4be4f54bdca75587384c?s=96&d=mm&r=g","caption":"ocirne"},"url":"https:\/\/www.lemporiodelleidee.it\/articoli\/author\/enrico\/"}]}},"_links":{"self":[{"href":"https:\/\/www.lemporiodelleidee.it\/articoli\/wp-json\/wp\/v2\/posts\/118","targetHints":{"allow":["GET"]}}],"collection":[{"href":"https:\/\/www.lemporiodelleidee.it\/articoli\/wp-json\/wp\/v2\/posts"}],"about":[{"href":"https:\/\/www.lemporiodelleidee.it\/articoli\/wp-json\/wp\/v2\/types\/post"}],"author":[{"embeddable":true,"href":"https:\/\/www.lemporiodelleidee.it\/articoli\/wp-json\/wp\/v2\/users\/2"}],"replies":[{"embeddable":true,"href":"https:\/\/www.lemporiodelleidee.it\/articoli\/wp-json\/wp\/v2\/comments?post=118"}],"version-history":[{"count":1,"href":"https:\/\/www.lemporiodelleidee.it\/articoli\/wp-json\/wp\/v2\/posts\/118\/revisions"}],"predecessor-version":[{"id":121,"href":"https:\/\/www.lemporiodelleidee.it\/articoli\/wp-json\/wp\/v2\/posts\/118\/revisions\/121"}],"wp:featuredmedia":[{"embeddable":true,"href":"https:\/\/www.lemporiodelleidee.it\/articoli\/wp-json\/wp\/v2\/media\/120"}],"wp:attachment":[{"href":"https:\/\/www.lemporiodelleidee.it\/articoli\/wp-json\/wp\/v2\/media?parent=118"}],"wp:term":[{"taxonomy":"category","embeddable":true,"href":"https:\/\/www.lemporiodelleidee.it\/articoli\/wp-json\/wp\/v2\/categories?post=118"},{"taxonomy":"post_tag","embeddable":true,"href":"https:\/\/www.lemporiodelleidee.it\/articoli\/wp-json\/wp\/v2\/tags?post=118"}],"curies":[{"name":"wp","href":"https:\/\/api.w.org\/{rel}","templated":true}]}}