{"id":122,"date":"2018-05-11T15:28:45","date_gmt":"2018-05-11T13:28:45","guid":{"rendered":"http:\/\/www.lemporiodelleidee.it\/articoli\/?p=122"},"modified":"2018-05-11T15:28:45","modified_gmt":"2018-05-11T13:28:45","slug":"tende-da-sole-firenze","status":"publish","type":"post","link":"https:\/\/www.lemporiodelleidee.it\/articoli\/2018\/05\/11\/tende-da-sole-firenze\/","title":{"rendered":"Tende da sole Firenze"},"content":{"rendered":"<div class=\"bffc8b465260131ebec72756c0b29a56\" data-index=\"1\" style=\"float: none; margin:10px 0 10px 0; text-align:center;\">\n<script async src=\"\/\/pagead2.googlesyndication.com\/pagead\/js\/adsbygoogle.js\"><\/script>\r\n<!-- laroveta -->\n<\/div>\n<p><span style=\"font-weight: 400;\">Oramai L&#8217;estate si sta appropinquando e le esigenze del proprietari di case si fanno sempre pi\u00f9 pressanti a difesa del proprio appartamento.<\/span><\/p>\n<p><span style=\"font-weight: 400;\">Per non incorrere in disagi dovuti al sole che piomba penetrando la tua casa \u00e8 opportuno installare la dovuta barriera di modo da tutelare la salvaguardia della propria abitazione.<\/span><\/p>\n<p><span style=\"font-weight: 400;\"><a href=\"http:\/\/www.ergaplast.com\" target=\"_blank\" rel=\"noopener\">Tende da sole Firenze<\/a>\u00a0\u00e8 la parola chiave che Identifica il lavoro svolto da Ergaplast, azienda Fiorentina che oltre 40 anni fa inizi\u00f2 la sua attivit\u00e0 nel settore degli <a href=\"http:\/\/www.ergaplast.it\" target=\"_blank\" rel=\"noopener\">avvolgibili<\/a><\/span><\/p>\n<p><span style=\"font-weight: 400;\">Installazione di tende da sole delle migliori marche ed anche tende da sole motorizzate o manuali; Insomma un vasto catalogo a cui attingere per la cura della propria casa<\/span><\/p>\n\n<div style=\"font-size: 0px; height: 0px; line-height: 0px; margin: 0; padding: 0; clear: both;\"><\/div>","protected":false},"excerpt":{"rendered":"<p>Oramai L&#8217;estate si sta appropinquando e le esigenze del proprietari di case si fanno sempre pi\u00f9 pressanti a difesa del proprio appartamento. Per non incorrere in disagi dovuti al sole che piomba penetrando la tua casa \u00e8 opportuno installare la dovuta barriera di modo da tutelare la salvaguardia della propria abitazione. Tende da sole Firenze\u00a0\u00e8 [&hellip;]<\/p>\n","protected":false},"author":2,"featured_media":125,"comment_status":"closed","ping_status":"closed","sticky":false,"template":"","format":"standard","meta":{"footnotes":""},"categories":[6],"tags":[],"class_list":["post-122","post","type-post","status-publish","format-standard","has-post-thumbnail","hentry","category-casa"],"yoast_head":"<!-- This site is optimized with the Yoast SEO plugin v27.5 - https:\/\/yoast.com\/product\/yoast-seo-wordpress\/ -->\n<title>Tende da sole Firenze - Emporio delle idee<\/title>\n<meta name=\"robots\" content=\"index, follow, max-snippet:-1, max-image-preview:large, max-video-preview:-1\" \/>\n<link rel=\"canonical\" href=\"https:\/\/www.lemporiodelleidee.it\/articoli\/2018\/05\/11\/tende-da-sole-firenze\/\" \/>\n<meta property=\"og:locale\" content=\"it_IT\" \/>\n<meta property=\"og:type\" content=\"article\" \/>\n<meta property=\"og:title\" content=\"Tende da sole Firenze - Emporio delle idee\" \/>\n<meta property=\"og:description\" content=\"Oramai L&#8217;estate si sta appropinquando e le esigenze del proprietari di case si fanno sempre pi\u00f9 pressanti a difesa del proprio appartamento. Per non incorrere in disagi dovuti al sole che piomba penetrando la tua casa \u00e8 opportuno installare la dovuta barriera di modo da tutelare la salvaguardia della propria abitazione. Tende da sole Firenze\u00a0\u00e8 [&hellip;]\" \/>\n<meta property=\"og:url\" content=\"https:\/\/www.lemporiodelleidee.it\/articoli\/2018\/05\/11\/tende-da-sole-firenze\/\" \/>\n<meta property=\"og:site_name\" content=\"Emporio delle idee\" \/>\n<meta property=\"article:published_time\" content=\"2018-05-11T13:28:45+00:00\" \/>\n<meta property=\"og:image\" content=\"https:\/\/www.lemporiodelleidee.it\/articoli\/wp-content\/uploads\/2018\/05\/ergaplast-1.jpg\" \/>\n\t<meta property=\"og:image:width\" content=\"545\" \/>\n\t<meta property=\"og:image:height\" content=\"338\" \/>\n\t<meta property=\"og:image:type\" content=\"image\/jpeg\" \/>\n<meta name=\"author\" content=\"ocirne\" \/>\n<meta name=\"twitter:card\" content=\"summary_large_image\" \/>\n<meta name=\"twitter:label1\" content=\"Scritto da\" \/>\n\t<meta name=\"twitter:data1\" content=\"ocirne\" \/>\n\t<meta name=\"twitter:label2\" content=\"Tempo di lettura stimato\" \/>\n\t<meta name=\"twitter:data2\" content=\"1 minuto\" \/>\n<script type=\"application\/ld+json\" class=\"yoast-schema-graph\">{\"@context\":\"https:\\\/\\\/schema.org\",\"@graph\":[{\"@type\":\"Article\",\"@id\":\"https:\\\/\\\/www.lemporiodelleidee.it\\\/articoli\\\/2018\\\/05\\\/11\\\/tende-da-sole-firenze\\\/#article\",\"isPartOf\":{\"@id\":\"https:\\\/\\\/www.lemporiodelleidee.it\\\/articoli\\\/2018\\\/05\\\/11\\\/tende-da-sole-firenze\\\/\"},\"author\":{\"name\":\"ocirne\",\"@id\":\"https:\\\/\\\/www.lemporiodelleidee.it\\\/articoli\\\/#\\\/schema\\\/person\\\/73a919c9c7bb23f00a92ce23b68f8023\"},\"headline\":\"Tende da sole Firenze\",\"datePublished\":\"2018-05-11T13:28:45+00:00\",\"mainEntityOfPage\":{\"@id\":\"https:\\\/\\\/www.lemporiodelleidee.it\\\/articoli\\\/2018\\\/05\\\/11\\\/tende-da-sole-firenze\\\/\"},\"wordCount\":111,\"image\":{\"@id\":\"https:\\\/\\\/www.lemporiodelleidee.it\\\/articoli\\\/2018\\\/05\\\/11\\\/tende-da-sole-firenze\\\/#primaryimage\"},\"thumbnailUrl\":\"https:\\\/\\\/www.lemporiodelleidee.it\\\/articoli\\\/wp-content\\\/uploads\\\/2018\\\/05\\\/ergaplast-1.jpg\",\"articleSection\":[\"Casa\"],\"inLanguage\":\"it-IT\"},{\"@type\":\"WebPage\",\"@id\":\"https:\\\/\\\/www.lemporiodelleidee.it\\\/articoli\\\/2018\\\/05\\\/11\\\/tende-da-sole-firenze\\\/\",\"url\":\"https:\\\/\\\/www.lemporiodelleidee.it\\\/articoli\\\/2018\\\/05\\\/11\\\/tende-da-sole-firenze\\\/\",\"name\":\"Tende da sole Firenze - Emporio delle idee\",\"isPartOf\":{\"@id\":\"https:\\\/\\\/www.lemporiodelleidee.it\\\/articoli\\\/#website\"},\"primaryImageOfPage\":{\"@id\":\"https:\\\/\\\/www.lemporiodelleidee.it\\\/articoli\\\/2018\\\/05\\\/11\\\/tende-da-sole-firenze\\\/#primaryimage\"},\"image\":{\"@id\":\"https:\\\/\\\/www.lemporiodelleidee.it\\\/articoli\\\/2018\\\/05\\\/11\\\/tende-da-sole-firenze\\\/#primaryimage\"},\"thumbnailUrl\":\"https:\\\/\\\/www.lemporiodelleidee.it\\\/articoli\\\/wp-content\\\/uploads\\\/2018\\\/05\\\/ergaplast-1.jpg\",\"datePublished\":\"2018-05-11T13:28:45+00:00\",\"author\":{\"@id\":\"https:\\\/\\\/www.lemporiodelleidee.it\\\/articoli\\\/#\\\/schema\\\/person\\\/73a919c9c7bb23f00a92ce23b68f8023\"},\"breadcrumb\":{\"@id\":\"https:\\\/\\\/www.lemporiodelleidee.it\\\/articoli\\\/2018\\\/05\\\/11\\\/tende-da-sole-firenze\\\/#breadcrumb\"},\"inLanguage\":\"it-IT\",\"potentialAction\":[{\"@type\":\"ReadAction\",\"target\":[\"https:\\\/\\\/www.lemporiodelleidee.it\\\/articoli\\\/2018\\\/05\\\/11\\\/tende-da-sole-firenze\\\/\"]}]},{\"@type\":\"ImageObject\",\"inLanguage\":\"it-IT\",\"@id\":\"https:\\\/\\\/www.lemporiodelleidee.it\\\/articoli\\\/2018\\\/05\\\/11\\\/tende-da-sole-firenze\\\/#primaryimage\",\"url\":\"https:\\\/\\\/www.lemporiodelleidee.it\\\/articoli\\\/wp-content\\\/uploads\\\/2018\\\/05\\\/ergaplast-1.jpg\",\"contentUrl\":\"https:\\\/\\\/www.lemporiodelleidee.it\\\/articoli\\\/wp-content\\\/uploads\\\/2018\\\/05\\\/ergaplast-1.jpg\",\"width\":545,\"height\":338,\"caption\":\"Tende da sole Firenze\"},{\"@type\":\"BreadcrumbList\",\"@id\":\"https:\\\/\\\/www.lemporiodelleidee.it\\\/articoli\\\/2018\\\/05\\\/11\\\/tende-da-sole-firenze\\\/#breadcrumb\",\"itemListElement\":[{\"@type\":\"ListItem\",\"position\":1,\"name\":\"Home\",\"item\":\"https:\\\/\\\/www.lemporiodelleidee.it\\\/articoli\\\/\"},{\"@type\":\"ListItem\",\"position\":2,\"name\":\"Tende da sole Firenze\"}]},{\"@type\":\"WebSite\",\"@id\":\"https:\\\/\\\/www.lemporiodelleidee.it\\\/articoli\\\/#website\",\"url\":\"https:\\\/\\\/www.lemporiodelleidee.it\\\/articoli\\\/\",\"name\":\"Emporio delle idee\",\"description\":\"I migliori siti del web\",\"potentialAction\":[{\"@type\":\"SearchAction\",\"target\":{\"@type\":\"EntryPoint\",\"urlTemplate\":\"https:\\\/\\\/www.lemporiodelleidee.it\\\/articoli\\\/?s={search_term_string}\"},\"query-input\":{\"@type\":\"PropertyValueSpecification\",\"valueRequired\":true,\"valueName\":\"search_term_string\"}}],\"inLanguage\":\"it-IT\"},{\"@type\":\"Person\",\"@id\":\"https:\\\/\\\/www.lemporiodelleidee.it\\\/articoli\\\/#\\\/schema\\\/person\\\/73a919c9c7bb23f00a92ce23b68f8023\",\"name\":\"ocirne\",\"image\":{\"@type\":\"ImageObject\",\"inLanguage\":\"it-IT\",\"@id\":\"https:\\\/\\\/secure.gravatar.com\\\/avatar\\\/f072f13a935e1f817dbf02b3cfb832272e90062857af4be4f54bdca75587384c?s=96&d=mm&r=g\",\"url\":\"https:\\\/\\\/secure.gravatar.com\\\/avatar\\\/f072f13a935e1f817dbf02b3cfb832272e90062857af4be4f54bdca75587384c?s=96&d=mm&r=g\",\"contentUrl\":\"https:\\\/\\\/secure.gravatar.com\\\/avatar\\\/f072f13a935e1f817dbf02b3cfb832272e90062857af4be4f54bdca75587384c?s=96&d=mm&r=g\",\"caption\":\"ocirne\"},\"url\":\"https:\\\/\\\/www.lemporiodelleidee.it\\\/articoli\\\/author\\\/enrico\\\/\"}]}<\/script>\n<!-- \/ Yoast SEO plugin. -->","yoast_head_json":{"title":"Tende da sole Firenze - Emporio delle idee","robots":{"index":"index","follow":"follow","max-snippet":"max-snippet:-1","max-image-preview":"max-image-preview:large","max-video-preview":"max-video-preview:-1"},"canonical":"https:\/\/www.lemporiodelleidee.it\/articoli\/2018\/05\/11\/tende-da-sole-firenze\/","og_locale":"it_IT","og_type":"article","og_title":"Tende da sole Firenze - Emporio delle idee","og_description":"Oramai L&#8217;estate si sta appropinquando e le esigenze del proprietari di case si fanno sempre pi\u00f9 pressanti a difesa del proprio appartamento. Per non incorrere in disagi dovuti al sole che piomba penetrando la tua casa \u00e8 opportuno installare la dovuta barriera di modo da tutelare la salvaguardia della propria abitazione. Tende da sole Firenze\u00a0\u00e8 [&hellip;]","og_url":"https:\/\/www.lemporiodelleidee.it\/articoli\/2018\/05\/11\/tende-da-sole-firenze\/","og_site_name":"Emporio delle idee","article_published_time":"2018-05-11T13:28:45+00:00","og_image":[{"width":545,"height":338,"url":"https:\/\/www.lemporiodelleidee.it\/articoli\/wp-content\/uploads\/2018\/05\/ergaplast-1.jpg","type":"image\/jpeg"}],"author":"ocirne","twitter_card":"summary_large_image","twitter_misc":{"Scritto da":"ocirne","Tempo di lettura stimato":"1 minuto"},"schema":{"@context":"https:\/\/schema.org","@graph":[{"@type":"Article","@id":"https:\/\/www.lemporiodelleidee.it\/articoli\/2018\/05\/11\/tende-da-sole-firenze\/#article","isPartOf":{"@id":"https:\/\/www.lemporiodelleidee.it\/articoli\/2018\/05\/11\/tende-da-sole-firenze\/"},"author":{"name":"ocirne","@id":"https:\/\/www.lemporiodelleidee.it\/articoli\/#\/schema\/person\/73a919c9c7bb23f00a92ce23b68f8023"},"headline":"Tende da sole Firenze","datePublished":"2018-05-11T13:28:45+00:00","mainEntityOfPage":{"@id":"https:\/\/www.lemporiodelleidee.it\/articoli\/2018\/05\/11\/tende-da-sole-firenze\/"},"wordCount":111,"image":{"@id":"https:\/\/www.lemporiodelleidee.it\/articoli\/2018\/05\/11\/tende-da-sole-firenze\/#primaryimage"},"thumbnailUrl":"https:\/\/www.lemporiodelleidee.it\/articoli\/wp-content\/uploads\/2018\/05\/ergaplast-1.jpg","articleSection":["Casa"],"inLanguage":"it-IT"},{"@type":"WebPage","@id":"https:\/\/www.lemporiodelleidee.it\/articoli\/2018\/05\/11\/tende-da-sole-firenze\/","url":"https:\/\/www.lemporiodelleidee.it\/articoli\/2018\/05\/11\/tende-da-sole-firenze\/","name":"Tende da sole Firenze - Emporio delle idee","isPartOf":{"@id":"https:\/\/www.lemporiodelleidee.it\/articoli\/#website"},"primaryImageOfPage":{"@id":"https:\/\/www.lemporiodelleidee.it\/articoli\/2018\/05\/11\/tende-da-sole-firenze\/#primaryimage"},"image":{"@id":"https:\/\/www.lemporiodelleidee.it\/articoli\/2018\/05\/11\/tende-da-sole-firenze\/#primaryimage"},"thumbnailUrl":"https:\/\/www.lemporiodelleidee.it\/articoli\/wp-content\/uploads\/2018\/05\/ergaplast-1.jpg","datePublished":"2018-05-11T13:28:45+00:00","author":{"@id":"https:\/\/www.lemporiodelleidee.it\/articoli\/#\/schema\/person\/73a919c9c7bb23f00a92ce23b68f8023"},"breadcrumb":{"@id":"https:\/\/www.lemporiodelleidee.it\/articoli\/2018\/05\/11\/tende-da-sole-firenze\/#breadcrumb"},"inLanguage":"it-IT","potentialAction":[{"@type":"ReadAction","target":["https:\/\/www.lemporiodelleidee.it\/articoli\/2018\/05\/11\/tende-da-sole-firenze\/"]}]},{"@type":"ImageObject","inLanguage":"it-IT","@id":"https:\/\/www.lemporiodelleidee.it\/articoli\/2018\/05\/11\/tende-da-sole-firenze\/#primaryimage","url":"https:\/\/www.lemporiodelleidee.it\/articoli\/wp-content\/uploads\/2018\/05\/ergaplast-1.jpg","contentUrl":"https:\/\/www.lemporiodelleidee.it\/articoli\/wp-content\/uploads\/2018\/05\/ergaplast-1.jpg","width":545,"height":338,"caption":"Tende da sole Firenze"},{"@type":"BreadcrumbList","@id":"https:\/\/www.lemporiodelleidee.it\/articoli\/2018\/05\/11\/tende-da-sole-firenze\/#breadcrumb","itemListElement":[{"@type":"ListItem","position":1,"name":"Home","item":"https:\/\/www.lemporiodelleidee.it\/articoli\/"},{"@type":"ListItem","position":2,"name":"Tende da sole Firenze"}]},{"@type":"WebSite","@id":"https:\/\/www.lemporiodelleidee.it\/articoli\/#website","url":"https:\/\/www.lemporiodelleidee.it\/articoli\/","name":"Emporio delle idee","description":"I migliori siti del web","potentialAction":[{"@type":"SearchAction","target":{"@type":"EntryPoint","urlTemplate":"https:\/\/www.lemporiodelleidee.it\/articoli\/?s={search_term_string}"},"query-input":{"@type":"PropertyValueSpecification","valueRequired":true,"valueName":"search_term_string"}}],"inLanguage":"it-IT"},{"@type":"Person","@id":"https:\/\/www.lemporiodelleidee.it\/articoli\/#\/schema\/person\/73a919c9c7bb23f00a92ce23b68f8023","name":"ocirne","image":{"@type":"ImageObject","inLanguage":"it-IT","@id":"https:\/\/secure.gravatar.com\/avatar\/f072f13a935e1f817dbf02b3cfb832272e90062857af4be4f54bdca75587384c?s=96&d=mm&r=g","url":"https:\/\/secure.gravatar.com\/avatar\/f072f13a935e1f817dbf02b3cfb832272e90062857af4be4f54bdca75587384c?s=96&d=mm&r=g","contentUrl":"https:\/\/secure.gravatar.com\/avatar\/f072f13a935e1f817dbf02b3cfb832272e90062857af4be4f54bdca75587384c?s=96&d=mm&r=g","caption":"ocirne"},"url":"https:\/\/www.lemporiodelleidee.it\/articoli\/author\/enrico\/"}]}},"_links":{"self":[{"href":"https:\/\/www.lemporiodelleidee.it\/articoli\/wp-json\/wp\/v2\/posts\/122","targetHints":{"allow":["GET"]}}],"collection":[{"href":"https:\/\/www.lemporiodelleidee.it\/articoli\/wp-json\/wp\/v2\/posts"}],"about":[{"href":"https:\/\/www.lemporiodelleidee.it\/articoli\/wp-json\/wp\/v2\/types\/post"}],"author":[{"embeddable":true,"href":"https:\/\/www.lemporiodelleidee.it\/articoli\/wp-json\/wp\/v2\/users\/2"}],"replies":[{"embeddable":true,"href":"https:\/\/www.lemporiodelleidee.it\/articoli\/wp-json\/wp\/v2\/comments?post=122"}],"version-history":[{"count":1,"href":"https:\/\/www.lemporiodelleidee.it\/articoli\/wp-json\/wp\/v2\/posts\/122\/revisions"}],"predecessor-version":[{"id":126,"href":"https:\/\/www.lemporiodelleidee.it\/articoli\/wp-json\/wp\/v2\/posts\/122\/revisions\/126"}],"wp:featuredmedia":[{"embeddable":true,"href":"https:\/\/www.lemporiodelleidee.it\/articoli\/wp-json\/wp\/v2\/media\/125"}],"wp:attachment":[{"href":"https:\/\/www.lemporiodelleidee.it\/articoli\/wp-json\/wp\/v2\/media?parent=122"}],"wp:term":[{"taxonomy":"category","embeddable":true,"href":"https:\/\/www.lemporiodelleidee.it\/articoli\/wp-json\/wp\/v2\/categories?post=122"},{"taxonomy":"post_tag","embeddable":true,"href":"https:\/\/www.lemporiodelleidee.it\/articoli\/wp-json\/wp\/v2\/tags?post=122"}],"curies":[{"name":"wp","href":"https:\/\/api.w.org\/{rel}","templated":true}]}}