{"id":136,"date":"2018-05-29T16:44:27","date_gmt":"2018-05-29T14:44:27","guid":{"rendered":"http:\/\/www.lemporiodelleidee.it\/articoli\/?p=136"},"modified":"2018-05-29T16:44:27","modified_gmt":"2018-05-29T14:44:27","slug":"divani-quarrata","status":"publish","type":"post","link":"https:\/\/www.lemporiodelleidee.it\/articoli\/2018\/05\/29\/divani-quarrata\/","title":{"rendered":"Divani Quarrata"},"content":{"rendered":"<div class=\"bffc8b465260131ebec72756c0b29a56\" data-index=\"1\" style=\"float: none; margin:10px 0 10px 0; text-align:center;\">\n<script async src=\"\/\/pagead2.googlesyndication.com\/pagead\/js\/adsbygoogle.js\"><\/script>\r\n<!-- laroveta -->\n<\/div>\n<p><span style=\"font-weight: 400;\">I <a href=\"http:\/\/www.cappellidivani.it\" target=\"_blank\" rel=\"noopener\">divani Quarrata<\/a> sono oramai divenuti famosi grazie alla tradizione e alla storia che li ha resi celebri ovunque e soprattutto apprezzati per il proprio design, per i propri colori e per la comodit\u00e0 che li rende unici.<\/span><\/p>\n<p><span style=\"font-weight: 400;\"> bisogna dare merito alla Citt\u00e0 del Mobile, cos\u00ec come viene definita la cittadina in provincia di Pistoia, Toscana, che grazie ha una tradizione che si perde nel corso dei secoli \u00e8 in grado di sfornare dei veri e propri capolavori dove poter riposare, Gustare i propri programmi preferiti alla televisione, dormire e perch\u00e9 no soddisfare esigenze di natura transitoria come per esempio uno spuntino.<\/span><\/p>\n<p><span style=\"font-weight: 400;\"> i divani di Quarrata hanno senza dubbio una fama tale che chi ne possiede uno nel proprio salotto o nel proprio soggiorno viene inquadrato come una persona d&#8217;elite piena di carisma e di charme <\/span><\/p>\n\n<div style=\"font-size: 0px; height: 0px; line-height: 0px; margin: 0; padding: 0; clear: both;\"><\/div>","protected":false},"excerpt":{"rendered":"<p>I divani Quarrata sono oramai divenuti famosi grazie alla tradizione e alla storia che li ha resi celebri ovunque e soprattutto apprezzati per il proprio design, per i propri colori e per la comodit\u00e0 che li rende unici. bisogna dare merito alla Citt\u00e0 del Mobile, cos\u00ec come viene definita la cittadina in provincia di Pistoia, [&hellip;]<\/p>\n","protected":false},"author":2,"featured_media":138,"comment_status":"closed","ping_status":"closed","sticky":false,"template":"","format":"standard","meta":{"footnotes":""},"categories":[14],"tags":[],"class_list":["post-136","post","type-post","status-publish","format-standard","has-post-thumbnail","hentry","category-arredamento"],"yoast_head":"<!-- This site is optimized with the Yoast SEO plugin v27.5 - https:\/\/yoast.com\/product\/yoast-seo-wordpress\/ -->\n<title>Divani Quarrata - Emporio delle idee<\/title>\n<meta name=\"robots\" content=\"index, follow, max-snippet:-1, max-image-preview:large, max-video-preview:-1\" \/>\n<link rel=\"canonical\" href=\"https:\/\/www.lemporiodelleidee.it\/articoli\/2018\/05\/29\/divani-quarrata\/\" \/>\n<meta property=\"og:locale\" content=\"it_IT\" \/>\n<meta property=\"og:type\" content=\"article\" \/>\n<meta property=\"og:title\" content=\"Divani Quarrata - Emporio delle idee\" \/>\n<meta property=\"og:description\" content=\"I divani Quarrata sono oramai divenuti famosi grazie alla tradizione e alla storia che li ha resi celebri ovunque e soprattutto apprezzati per il proprio design, per i propri colori e per la comodit\u00e0 che li rende unici. bisogna dare merito alla Citt\u00e0 del Mobile, cos\u00ec come viene definita la cittadina in provincia di Pistoia, [&hellip;]\" \/>\n<meta property=\"og:url\" content=\"https:\/\/www.lemporiodelleidee.it\/articoli\/2018\/05\/29\/divani-quarrata\/\" \/>\n<meta property=\"og:site_name\" content=\"Emporio delle idee\" \/>\n<meta property=\"article:published_time\" content=\"2018-05-29T14:44:27+00:00\" \/>\n<meta property=\"og:image\" content=\"https:\/\/www.lemporiodelleidee.it\/articoli\/wp-content\/uploads\/2018\/05\/cappelli.jpg\" \/>\n\t<meta property=\"og:image:width\" content=\"651\" \/>\n\t<meta property=\"og:image:height\" content=\"444\" \/>\n\t<meta property=\"og:image:type\" content=\"image\/jpeg\" \/>\n<meta name=\"author\" content=\"ocirne\" \/>\n<meta name=\"twitter:card\" content=\"summary_large_image\" \/>\n<meta name=\"twitter:label1\" content=\"Scritto da\" \/>\n\t<meta name=\"twitter:data1\" content=\"ocirne\" \/>\n\t<meta name=\"twitter:label2\" content=\"Tempo di lettura stimato\" \/>\n\t<meta name=\"twitter:data2\" content=\"1 minuto\" \/>\n<script type=\"application\/ld+json\" class=\"yoast-schema-graph\">{\"@context\":\"https:\\\/\\\/schema.org\",\"@graph\":[{\"@type\":\"Article\",\"@id\":\"https:\\\/\\\/www.lemporiodelleidee.it\\\/articoli\\\/2018\\\/05\\\/29\\\/divani-quarrata\\\/#article\",\"isPartOf\":{\"@id\":\"https:\\\/\\\/www.lemporiodelleidee.it\\\/articoli\\\/2018\\\/05\\\/29\\\/divani-quarrata\\\/\"},\"author\":{\"name\":\"ocirne\",\"@id\":\"https:\\\/\\\/www.lemporiodelleidee.it\\\/articoli\\\/#\\\/schema\\\/person\\\/73a919c9c7bb23f00a92ce23b68f8023\"},\"headline\":\"Divani Quarrata\",\"datePublished\":\"2018-05-29T14:44:27+00:00\",\"mainEntityOfPage\":{\"@id\":\"https:\\\/\\\/www.lemporiodelleidee.it\\\/articoli\\\/2018\\\/05\\\/29\\\/divani-quarrata\\\/\"},\"wordCount\":137,\"image\":{\"@id\":\"https:\\\/\\\/www.lemporiodelleidee.it\\\/articoli\\\/2018\\\/05\\\/29\\\/divani-quarrata\\\/#primaryimage\"},\"thumbnailUrl\":\"https:\\\/\\\/www.lemporiodelleidee.it\\\/articoli\\\/wp-content\\\/uploads\\\/2018\\\/05\\\/cappelli.jpg\",\"articleSection\":[\"Arredamento\"],\"inLanguage\":\"it-IT\"},{\"@type\":\"WebPage\",\"@id\":\"https:\\\/\\\/www.lemporiodelleidee.it\\\/articoli\\\/2018\\\/05\\\/29\\\/divani-quarrata\\\/\",\"url\":\"https:\\\/\\\/www.lemporiodelleidee.it\\\/articoli\\\/2018\\\/05\\\/29\\\/divani-quarrata\\\/\",\"name\":\"Divani Quarrata - Emporio delle idee\",\"isPartOf\":{\"@id\":\"https:\\\/\\\/www.lemporiodelleidee.it\\\/articoli\\\/#website\"},\"primaryImageOfPage\":{\"@id\":\"https:\\\/\\\/www.lemporiodelleidee.it\\\/articoli\\\/2018\\\/05\\\/29\\\/divani-quarrata\\\/#primaryimage\"},\"image\":{\"@id\":\"https:\\\/\\\/www.lemporiodelleidee.it\\\/articoli\\\/2018\\\/05\\\/29\\\/divani-quarrata\\\/#primaryimage\"},\"thumbnailUrl\":\"https:\\\/\\\/www.lemporiodelleidee.it\\\/articoli\\\/wp-content\\\/uploads\\\/2018\\\/05\\\/cappelli.jpg\",\"datePublished\":\"2018-05-29T14:44:27+00:00\",\"author\":{\"@id\":\"https:\\\/\\\/www.lemporiodelleidee.it\\\/articoli\\\/#\\\/schema\\\/person\\\/73a919c9c7bb23f00a92ce23b68f8023\"},\"breadcrumb\":{\"@id\":\"https:\\\/\\\/www.lemporiodelleidee.it\\\/articoli\\\/2018\\\/05\\\/29\\\/divani-quarrata\\\/#breadcrumb\"},\"inLanguage\":\"it-IT\",\"potentialAction\":[{\"@type\":\"ReadAction\",\"target\":[\"https:\\\/\\\/www.lemporiodelleidee.it\\\/articoli\\\/2018\\\/05\\\/29\\\/divani-quarrata\\\/\"]}]},{\"@type\":\"ImageObject\",\"inLanguage\":\"it-IT\",\"@id\":\"https:\\\/\\\/www.lemporiodelleidee.it\\\/articoli\\\/2018\\\/05\\\/29\\\/divani-quarrata\\\/#primaryimage\",\"url\":\"https:\\\/\\\/www.lemporiodelleidee.it\\\/articoli\\\/wp-content\\\/uploads\\\/2018\\\/05\\\/cappelli.jpg\",\"contentUrl\":\"https:\\\/\\\/www.lemporiodelleidee.it\\\/articoli\\\/wp-content\\\/uploads\\\/2018\\\/05\\\/cappelli.jpg\",\"width\":651,\"height\":444,\"caption\":\"Divani Quarrata\"},{\"@type\":\"BreadcrumbList\",\"@id\":\"https:\\\/\\\/www.lemporiodelleidee.it\\\/articoli\\\/2018\\\/05\\\/29\\\/divani-quarrata\\\/#breadcrumb\",\"itemListElement\":[{\"@type\":\"ListItem\",\"position\":1,\"name\":\"Home\",\"item\":\"https:\\\/\\\/www.lemporiodelleidee.it\\\/articoli\\\/\"},{\"@type\":\"ListItem\",\"position\":2,\"name\":\"Divani Quarrata\"}]},{\"@type\":\"WebSite\",\"@id\":\"https:\\\/\\\/www.lemporiodelleidee.it\\\/articoli\\\/#website\",\"url\":\"https:\\\/\\\/www.lemporiodelleidee.it\\\/articoli\\\/\",\"name\":\"Emporio delle idee\",\"description\":\"I migliori siti del web\",\"potentialAction\":[{\"@type\":\"SearchAction\",\"target\":{\"@type\":\"EntryPoint\",\"urlTemplate\":\"https:\\\/\\\/www.lemporiodelleidee.it\\\/articoli\\\/?s={search_term_string}\"},\"query-input\":{\"@type\":\"PropertyValueSpecification\",\"valueRequired\":true,\"valueName\":\"search_term_string\"}}],\"inLanguage\":\"it-IT\"},{\"@type\":\"Person\",\"@id\":\"https:\\\/\\\/www.lemporiodelleidee.it\\\/articoli\\\/#\\\/schema\\\/person\\\/73a919c9c7bb23f00a92ce23b68f8023\",\"name\":\"ocirne\",\"image\":{\"@type\":\"ImageObject\",\"inLanguage\":\"it-IT\",\"@id\":\"https:\\\/\\\/secure.gravatar.com\\\/avatar\\\/f072f13a935e1f817dbf02b3cfb832272e90062857af4be4f54bdca75587384c?s=96&d=mm&r=g\",\"url\":\"https:\\\/\\\/secure.gravatar.com\\\/avatar\\\/f072f13a935e1f817dbf02b3cfb832272e90062857af4be4f54bdca75587384c?s=96&d=mm&r=g\",\"contentUrl\":\"https:\\\/\\\/secure.gravatar.com\\\/avatar\\\/f072f13a935e1f817dbf02b3cfb832272e90062857af4be4f54bdca75587384c?s=96&d=mm&r=g\",\"caption\":\"ocirne\"},\"url\":\"https:\\\/\\\/www.lemporiodelleidee.it\\\/articoli\\\/author\\\/enrico\\\/\"}]}<\/script>\n<!-- \/ Yoast SEO plugin. -->","yoast_head_json":{"title":"Divani Quarrata - Emporio delle idee","robots":{"index":"index","follow":"follow","max-snippet":"max-snippet:-1","max-image-preview":"max-image-preview:large","max-video-preview":"max-video-preview:-1"},"canonical":"https:\/\/www.lemporiodelleidee.it\/articoli\/2018\/05\/29\/divani-quarrata\/","og_locale":"it_IT","og_type":"article","og_title":"Divani Quarrata - Emporio delle idee","og_description":"I divani Quarrata sono oramai divenuti famosi grazie alla tradizione e alla storia che li ha resi celebri ovunque e soprattutto apprezzati per il proprio design, per i propri colori e per la comodit\u00e0 che li rende unici. bisogna dare merito alla Citt\u00e0 del Mobile, cos\u00ec come viene definita la cittadina in provincia di Pistoia, [&hellip;]","og_url":"https:\/\/www.lemporiodelleidee.it\/articoli\/2018\/05\/29\/divani-quarrata\/","og_site_name":"Emporio delle idee","article_published_time":"2018-05-29T14:44:27+00:00","og_image":[{"width":651,"height":444,"url":"https:\/\/www.lemporiodelleidee.it\/articoli\/wp-content\/uploads\/2018\/05\/cappelli.jpg","type":"image\/jpeg"}],"author":"ocirne","twitter_card":"summary_large_image","twitter_misc":{"Scritto da":"ocirne","Tempo di lettura stimato":"1 minuto"},"schema":{"@context":"https:\/\/schema.org","@graph":[{"@type":"Article","@id":"https:\/\/www.lemporiodelleidee.it\/articoli\/2018\/05\/29\/divani-quarrata\/#article","isPartOf":{"@id":"https:\/\/www.lemporiodelleidee.it\/articoli\/2018\/05\/29\/divani-quarrata\/"},"author":{"name":"ocirne","@id":"https:\/\/www.lemporiodelleidee.it\/articoli\/#\/schema\/person\/73a919c9c7bb23f00a92ce23b68f8023"},"headline":"Divani Quarrata","datePublished":"2018-05-29T14:44:27+00:00","mainEntityOfPage":{"@id":"https:\/\/www.lemporiodelleidee.it\/articoli\/2018\/05\/29\/divani-quarrata\/"},"wordCount":137,"image":{"@id":"https:\/\/www.lemporiodelleidee.it\/articoli\/2018\/05\/29\/divani-quarrata\/#primaryimage"},"thumbnailUrl":"https:\/\/www.lemporiodelleidee.it\/articoli\/wp-content\/uploads\/2018\/05\/cappelli.jpg","articleSection":["Arredamento"],"inLanguage":"it-IT"},{"@type":"WebPage","@id":"https:\/\/www.lemporiodelleidee.it\/articoli\/2018\/05\/29\/divani-quarrata\/","url":"https:\/\/www.lemporiodelleidee.it\/articoli\/2018\/05\/29\/divani-quarrata\/","name":"Divani Quarrata - Emporio delle idee","isPartOf":{"@id":"https:\/\/www.lemporiodelleidee.it\/articoli\/#website"},"primaryImageOfPage":{"@id":"https:\/\/www.lemporiodelleidee.it\/articoli\/2018\/05\/29\/divani-quarrata\/#primaryimage"},"image":{"@id":"https:\/\/www.lemporiodelleidee.it\/articoli\/2018\/05\/29\/divani-quarrata\/#primaryimage"},"thumbnailUrl":"https:\/\/www.lemporiodelleidee.it\/articoli\/wp-content\/uploads\/2018\/05\/cappelli.jpg","datePublished":"2018-05-29T14:44:27+00:00","author":{"@id":"https:\/\/www.lemporiodelleidee.it\/articoli\/#\/schema\/person\/73a919c9c7bb23f00a92ce23b68f8023"},"breadcrumb":{"@id":"https:\/\/www.lemporiodelleidee.it\/articoli\/2018\/05\/29\/divani-quarrata\/#breadcrumb"},"inLanguage":"it-IT","potentialAction":[{"@type":"ReadAction","target":["https:\/\/www.lemporiodelleidee.it\/articoli\/2018\/05\/29\/divani-quarrata\/"]}]},{"@type":"ImageObject","inLanguage":"it-IT","@id":"https:\/\/www.lemporiodelleidee.it\/articoli\/2018\/05\/29\/divani-quarrata\/#primaryimage","url":"https:\/\/www.lemporiodelleidee.it\/articoli\/wp-content\/uploads\/2018\/05\/cappelli.jpg","contentUrl":"https:\/\/www.lemporiodelleidee.it\/articoli\/wp-content\/uploads\/2018\/05\/cappelli.jpg","width":651,"height":444,"caption":"Divani Quarrata"},{"@type":"BreadcrumbList","@id":"https:\/\/www.lemporiodelleidee.it\/articoli\/2018\/05\/29\/divani-quarrata\/#breadcrumb","itemListElement":[{"@type":"ListItem","position":1,"name":"Home","item":"https:\/\/www.lemporiodelleidee.it\/articoli\/"},{"@type":"ListItem","position":2,"name":"Divani Quarrata"}]},{"@type":"WebSite","@id":"https:\/\/www.lemporiodelleidee.it\/articoli\/#website","url":"https:\/\/www.lemporiodelleidee.it\/articoli\/","name":"Emporio delle idee","description":"I migliori siti del web","potentialAction":[{"@type":"SearchAction","target":{"@type":"EntryPoint","urlTemplate":"https:\/\/www.lemporiodelleidee.it\/articoli\/?s={search_term_string}"},"query-input":{"@type":"PropertyValueSpecification","valueRequired":true,"valueName":"search_term_string"}}],"inLanguage":"it-IT"},{"@type":"Person","@id":"https:\/\/www.lemporiodelleidee.it\/articoli\/#\/schema\/person\/73a919c9c7bb23f00a92ce23b68f8023","name":"ocirne","image":{"@type":"ImageObject","inLanguage":"it-IT","@id":"https:\/\/secure.gravatar.com\/avatar\/f072f13a935e1f817dbf02b3cfb832272e90062857af4be4f54bdca75587384c?s=96&d=mm&r=g","url":"https:\/\/secure.gravatar.com\/avatar\/f072f13a935e1f817dbf02b3cfb832272e90062857af4be4f54bdca75587384c?s=96&d=mm&r=g","contentUrl":"https:\/\/secure.gravatar.com\/avatar\/f072f13a935e1f817dbf02b3cfb832272e90062857af4be4f54bdca75587384c?s=96&d=mm&r=g","caption":"ocirne"},"url":"https:\/\/www.lemporiodelleidee.it\/articoli\/author\/enrico\/"}]}},"_links":{"self":[{"href":"https:\/\/www.lemporiodelleidee.it\/articoli\/wp-json\/wp\/v2\/posts\/136","targetHints":{"allow":["GET"]}}],"collection":[{"href":"https:\/\/www.lemporiodelleidee.it\/articoli\/wp-json\/wp\/v2\/posts"}],"about":[{"href":"https:\/\/www.lemporiodelleidee.it\/articoli\/wp-json\/wp\/v2\/types\/post"}],"author":[{"embeddable":true,"href":"https:\/\/www.lemporiodelleidee.it\/articoli\/wp-json\/wp\/v2\/users\/2"}],"replies":[{"embeddable":true,"href":"https:\/\/www.lemporiodelleidee.it\/articoli\/wp-json\/wp\/v2\/comments?post=136"}],"version-history":[{"count":1,"href":"https:\/\/www.lemporiodelleidee.it\/articoli\/wp-json\/wp\/v2\/posts\/136\/revisions"}],"predecessor-version":[{"id":139,"href":"https:\/\/www.lemporiodelleidee.it\/articoli\/wp-json\/wp\/v2\/posts\/136\/revisions\/139"}],"wp:featuredmedia":[{"embeddable":true,"href":"https:\/\/www.lemporiodelleidee.it\/articoli\/wp-json\/wp\/v2\/media\/138"}],"wp:attachment":[{"href":"https:\/\/www.lemporiodelleidee.it\/articoli\/wp-json\/wp\/v2\/media?parent=136"}],"wp:term":[{"taxonomy":"category","embeddable":true,"href":"https:\/\/www.lemporiodelleidee.it\/articoli\/wp-json\/wp\/v2\/categories?post=136"},{"taxonomy":"post_tag","embeddable":true,"href":"https:\/\/www.lemporiodelleidee.it\/articoli\/wp-json\/wp\/v2\/tags?post=136"}],"curies":[{"name":"wp","href":"https:\/\/api.w.org\/{rel}","templated":true}]}}