{"id":208,"date":"2018-11-21T16:26:06","date_gmt":"2018-11-21T15:26:06","guid":{"rendered":"http:\/\/www.lemporiodelleidee.it\/articoli\/?p=208"},"modified":"2018-11-21T17:22:02","modified_gmt":"2018-11-21T16:22:02","slug":"divani-quarrata-2","status":"publish","type":"post","link":"https:\/\/www.lemporiodelleidee.it\/articoli\/2018\/11\/21\/divani-quarrata-2\/","title":{"rendered":"Divani Quarrata"},"content":{"rendered":"<div class=\"bffc8b465260131ebec72756c0b29a56\" data-index=\"1\" style=\"float: none; margin:10px 0 10px 0; text-align:center;\">\n<script async src=\"\/\/pagead2.googlesyndication.com\/pagead\/js\/adsbygoogle.js\"><\/script>\r\n<!-- laroveta -->\n<\/div>\n<p><span style=\"font-weight: 400;\">Quanto spendono gli italiani per l&#8217;arredamento della propria casa?<\/span><\/p>\n<p><span style=\"font-weight: 400;\"> indubbiamente anche grazie alla presenza di numerosi negozi online \u00e8 possibile avere su internet ampli cataloghi Degli arredi a disposizione e spesso anche a prezzi concorrenziali.<\/span><\/p>\n<p><span style=\"font-weight: 400;\"> indubbiamente uno Degli arredi pi\u00f9 graditi della casa e il divano, \u00a0e quando si parla di divani non si pu\u00f2 non parlare dei <a href=\"http:\/\/www.cappellidivani.it\" target=\"_blank\" rel=\"noopener\">divani Quarrata<\/a>.<\/span><\/p>\n<p><span style=\"font-weight: 400;\"> il divano \u00e8 la met\u00e0 che spesso pare irraggiungibile quando si \u00e8 al lavoro e si pensa di giungere Al termine della giornata lavorativa pronti a gettarsi sopra e rilassarsi finalmente dopo le tribolazioni lavorative.<\/span><\/p>\n<p><span style=\"font-weight: 400;\"> Bando alle ciance divani Quarrata \u00e8 divenuto il sinonimo di una scelta obbligatoria dell&#8217;arredo del soggiorno o della sala, dove In genere si trascorre la maggior parte delle ore insieme a parenti ed amici.<\/span><\/p>\n<p><span style=\"font-weight: 400;\"> la tradizione dei divani di Quarrata si perde nel corso dei secoli ed ha una grande importanza soprattutto per la molteplicit\u00e0 di scelta dei cataloghi che Uniti alla tradizione locale fa dei divani di Quarrata un Brand conosciuto in tutto il mondo.<\/span><\/p>\n\n<div style=\"font-size: 0px; height: 0px; line-height: 0px; margin: 0; padding: 0; clear: both;\"><\/div>","protected":false},"excerpt":{"rendered":"<p>Quanto spendono gli italiani per l&#8217;arredamento della propria casa? indubbiamente anche grazie alla presenza di numerosi negozi online \u00e8 possibile avere su internet ampli cataloghi Degli arredi a disposizione e spesso anche a prezzi concorrenziali. indubbiamente uno Degli arredi pi\u00f9 graditi della casa e il divano, \u00a0e quando si parla di divani non si pu\u00f2 [&hellip;]<\/p>\n","protected":false},"author":2,"featured_media":211,"comment_status":"closed","ping_status":"closed","sticky":false,"template":"","format":"standard","meta":{"footnotes":""},"categories":[14],"tags":[],"class_list":["post-208","post","type-post","status-publish","format-standard","has-post-thumbnail","hentry","category-arredamento"],"yoast_head":"<!-- This site is optimized with the Yoast SEO plugin v27.5 - https:\/\/yoast.com\/product\/yoast-seo-wordpress\/ -->\n<title>Divani Quarrata - Emporio delle idee<\/title>\n<meta name=\"robots\" content=\"index, follow, max-snippet:-1, max-image-preview:large, max-video-preview:-1\" \/>\n<link rel=\"canonical\" href=\"https:\/\/www.lemporiodelleidee.it\/articoli\/2018\/11\/21\/divani-quarrata-2\/\" \/>\n<meta property=\"og:locale\" content=\"it_IT\" \/>\n<meta property=\"og:type\" content=\"article\" \/>\n<meta property=\"og:title\" content=\"Divani Quarrata - Emporio delle idee\" \/>\n<meta property=\"og:description\" content=\"Quanto spendono gli italiani per l&#8217;arredamento della propria casa? indubbiamente anche grazie alla presenza di numerosi negozi online \u00e8 possibile avere su internet ampli cataloghi Degli arredi a disposizione e spesso anche a prezzi concorrenziali. indubbiamente uno Degli arredi pi\u00f9 graditi della casa e il divano, \u00a0e quando si parla di divani non si pu\u00f2 [&hellip;]\" \/>\n<meta property=\"og:url\" content=\"https:\/\/www.lemporiodelleidee.it\/articoli\/2018\/11\/21\/divani-quarrata-2\/\" \/>\n<meta property=\"og:site_name\" content=\"Emporio delle idee\" \/>\n<meta property=\"article:published_time\" content=\"2018-11-21T15:26:06+00:00\" \/>\n<meta property=\"article:modified_time\" content=\"2018-11-21T16:22:02+00:00\" \/>\n<meta property=\"og:image\" content=\"https:\/\/www.lemporiodelleidee.it\/articoli\/wp-content\/uploads\/2018\/11\/cappelli.jpg\" \/>\n\t<meta property=\"og:image:width\" content=\"684\" \/>\n\t<meta property=\"og:image:height\" content=\"380\" \/>\n\t<meta property=\"og:image:type\" content=\"image\/jpeg\" \/>\n<meta name=\"author\" content=\"ocirne\" \/>\n<meta name=\"twitter:card\" content=\"summary_large_image\" \/>\n<meta name=\"twitter:label1\" content=\"Scritto da\" \/>\n\t<meta name=\"twitter:data1\" content=\"ocirne\" \/>\n\t<meta name=\"twitter:label2\" content=\"Tempo di lettura stimato\" \/>\n\t<meta name=\"twitter:data2\" content=\"1 minuto\" \/>\n<script type=\"application\/ld+json\" class=\"yoast-schema-graph\">{\"@context\":\"https:\\\/\\\/schema.org\",\"@graph\":[{\"@type\":\"Article\",\"@id\":\"https:\\\/\\\/www.lemporiodelleidee.it\\\/articoli\\\/2018\\\/11\\\/21\\\/divani-quarrata-2\\\/#article\",\"isPartOf\":{\"@id\":\"https:\\\/\\\/www.lemporiodelleidee.it\\\/articoli\\\/2018\\\/11\\\/21\\\/divani-quarrata-2\\\/\"},\"author\":{\"name\":\"ocirne\",\"@id\":\"https:\\\/\\\/www.lemporiodelleidee.it\\\/articoli\\\/#\\\/schema\\\/person\\\/73a919c9c7bb23f00a92ce23b68f8023\"},\"headline\":\"Divani Quarrata\",\"datePublished\":\"2018-11-21T15:26:06+00:00\",\"dateModified\":\"2018-11-21T16:22:02+00:00\",\"mainEntityOfPage\":{\"@id\":\"https:\\\/\\\/www.lemporiodelleidee.it\\\/articoli\\\/2018\\\/11\\\/21\\\/divani-quarrata-2\\\/\"},\"wordCount\":169,\"image\":{\"@id\":\"https:\\\/\\\/www.lemporiodelleidee.it\\\/articoli\\\/2018\\\/11\\\/21\\\/divani-quarrata-2\\\/#primaryimage\"},\"thumbnailUrl\":\"https:\\\/\\\/www.lemporiodelleidee.it\\\/articoli\\\/wp-content\\\/uploads\\\/2018\\\/11\\\/cappelli.jpg\",\"articleSection\":[\"Arredamento\"],\"inLanguage\":\"it-IT\"},{\"@type\":\"WebPage\",\"@id\":\"https:\\\/\\\/www.lemporiodelleidee.it\\\/articoli\\\/2018\\\/11\\\/21\\\/divani-quarrata-2\\\/\",\"url\":\"https:\\\/\\\/www.lemporiodelleidee.it\\\/articoli\\\/2018\\\/11\\\/21\\\/divani-quarrata-2\\\/\",\"name\":\"Divani Quarrata - Emporio delle idee\",\"isPartOf\":{\"@id\":\"https:\\\/\\\/www.lemporiodelleidee.it\\\/articoli\\\/#website\"},\"primaryImageOfPage\":{\"@id\":\"https:\\\/\\\/www.lemporiodelleidee.it\\\/articoli\\\/2018\\\/11\\\/21\\\/divani-quarrata-2\\\/#primaryimage\"},\"image\":{\"@id\":\"https:\\\/\\\/www.lemporiodelleidee.it\\\/articoli\\\/2018\\\/11\\\/21\\\/divani-quarrata-2\\\/#primaryimage\"},\"thumbnailUrl\":\"https:\\\/\\\/www.lemporiodelleidee.it\\\/articoli\\\/wp-content\\\/uploads\\\/2018\\\/11\\\/cappelli.jpg\",\"datePublished\":\"2018-11-21T15:26:06+00:00\",\"dateModified\":\"2018-11-21T16:22:02+00:00\",\"author\":{\"@id\":\"https:\\\/\\\/www.lemporiodelleidee.it\\\/articoli\\\/#\\\/schema\\\/person\\\/73a919c9c7bb23f00a92ce23b68f8023\"},\"breadcrumb\":{\"@id\":\"https:\\\/\\\/www.lemporiodelleidee.it\\\/articoli\\\/2018\\\/11\\\/21\\\/divani-quarrata-2\\\/#breadcrumb\"},\"inLanguage\":\"it-IT\",\"potentialAction\":[{\"@type\":\"ReadAction\",\"target\":[\"https:\\\/\\\/www.lemporiodelleidee.it\\\/articoli\\\/2018\\\/11\\\/21\\\/divani-quarrata-2\\\/\"]}]},{\"@type\":\"ImageObject\",\"inLanguage\":\"it-IT\",\"@id\":\"https:\\\/\\\/www.lemporiodelleidee.it\\\/articoli\\\/2018\\\/11\\\/21\\\/divani-quarrata-2\\\/#primaryimage\",\"url\":\"https:\\\/\\\/www.lemporiodelleidee.it\\\/articoli\\\/wp-content\\\/uploads\\\/2018\\\/11\\\/cappelli.jpg\",\"contentUrl\":\"https:\\\/\\\/www.lemporiodelleidee.it\\\/articoli\\\/wp-content\\\/uploads\\\/2018\\\/11\\\/cappelli.jpg\",\"width\":684,\"height\":380,\"caption\":\"Divani Quarrata\"},{\"@type\":\"BreadcrumbList\",\"@id\":\"https:\\\/\\\/www.lemporiodelleidee.it\\\/articoli\\\/2018\\\/11\\\/21\\\/divani-quarrata-2\\\/#breadcrumb\",\"itemListElement\":[{\"@type\":\"ListItem\",\"position\":1,\"name\":\"Home\",\"item\":\"https:\\\/\\\/www.lemporiodelleidee.it\\\/articoli\\\/\"},{\"@type\":\"ListItem\",\"position\":2,\"name\":\"Divani Quarrata\"}]},{\"@type\":\"WebSite\",\"@id\":\"https:\\\/\\\/www.lemporiodelleidee.it\\\/articoli\\\/#website\",\"url\":\"https:\\\/\\\/www.lemporiodelleidee.it\\\/articoli\\\/\",\"name\":\"Emporio delle idee\",\"description\":\"I migliori siti del web\",\"potentialAction\":[{\"@type\":\"SearchAction\",\"target\":{\"@type\":\"EntryPoint\",\"urlTemplate\":\"https:\\\/\\\/www.lemporiodelleidee.it\\\/articoli\\\/?s={search_term_string}\"},\"query-input\":{\"@type\":\"PropertyValueSpecification\",\"valueRequired\":true,\"valueName\":\"search_term_string\"}}],\"inLanguage\":\"it-IT\"},{\"@type\":\"Person\",\"@id\":\"https:\\\/\\\/www.lemporiodelleidee.it\\\/articoli\\\/#\\\/schema\\\/person\\\/73a919c9c7bb23f00a92ce23b68f8023\",\"name\":\"ocirne\",\"image\":{\"@type\":\"ImageObject\",\"inLanguage\":\"it-IT\",\"@id\":\"https:\\\/\\\/secure.gravatar.com\\\/avatar\\\/f072f13a935e1f817dbf02b3cfb832272e90062857af4be4f54bdca75587384c?s=96&d=mm&r=g\",\"url\":\"https:\\\/\\\/secure.gravatar.com\\\/avatar\\\/f072f13a935e1f817dbf02b3cfb832272e90062857af4be4f54bdca75587384c?s=96&d=mm&r=g\",\"contentUrl\":\"https:\\\/\\\/secure.gravatar.com\\\/avatar\\\/f072f13a935e1f817dbf02b3cfb832272e90062857af4be4f54bdca75587384c?s=96&d=mm&r=g\",\"caption\":\"ocirne\"},\"url\":\"https:\\\/\\\/www.lemporiodelleidee.it\\\/articoli\\\/author\\\/enrico\\\/\"}]}<\/script>\n<!-- \/ Yoast SEO plugin. -->","yoast_head_json":{"title":"Divani Quarrata - Emporio delle idee","robots":{"index":"index","follow":"follow","max-snippet":"max-snippet:-1","max-image-preview":"max-image-preview:large","max-video-preview":"max-video-preview:-1"},"canonical":"https:\/\/www.lemporiodelleidee.it\/articoli\/2018\/11\/21\/divani-quarrata-2\/","og_locale":"it_IT","og_type":"article","og_title":"Divani Quarrata - Emporio delle idee","og_description":"Quanto spendono gli italiani per l&#8217;arredamento della propria casa? indubbiamente anche grazie alla presenza di numerosi negozi online \u00e8 possibile avere su internet ampli cataloghi Degli arredi a disposizione e spesso anche a prezzi concorrenziali. indubbiamente uno Degli arredi pi\u00f9 graditi della casa e il divano, \u00a0e quando si parla di divani non si pu\u00f2 [&hellip;]","og_url":"https:\/\/www.lemporiodelleidee.it\/articoli\/2018\/11\/21\/divani-quarrata-2\/","og_site_name":"Emporio delle idee","article_published_time":"2018-11-21T15:26:06+00:00","article_modified_time":"2018-11-21T16:22:02+00:00","og_image":[{"width":684,"height":380,"url":"https:\/\/www.lemporiodelleidee.it\/articoli\/wp-content\/uploads\/2018\/11\/cappelli.jpg","type":"image\/jpeg"}],"author":"ocirne","twitter_card":"summary_large_image","twitter_misc":{"Scritto da":"ocirne","Tempo di lettura stimato":"1 minuto"},"schema":{"@context":"https:\/\/schema.org","@graph":[{"@type":"Article","@id":"https:\/\/www.lemporiodelleidee.it\/articoli\/2018\/11\/21\/divani-quarrata-2\/#article","isPartOf":{"@id":"https:\/\/www.lemporiodelleidee.it\/articoli\/2018\/11\/21\/divani-quarrata-2\/"},"author":{"name":"ocirne","@id":"https:\/\/www.lemporiodelleidee.it\/articoli\/#\/schema\/person\/73a919c9c7bb23f00a92ce23b68f8023"},"headline":"Divani Quarrata","datePublished":"2018-11-21T15:26:06+00:00","dateModified":"2018-11-21T16:22:02+00:00","mainEntityOfPage":{"@id":"https:\/\/www.lemporiodelleidee.it\/articoli\/2018\/11\/21\/divani-quarrata-2\/"},"wordCount":169,"image":{"@id":"https:\/\/www.lemporiodelleidee.it\/articoli\/2018\/11\/21\/divani-quarrata-2\/#primaryimage"},"thumbnailUrl":"https:\/\/www.lemporiodelleidee.it\/articoli\/wp-content\/uploads\/2018\/11\/cappelli.jpg","articleSection":["Arredamento"],"inLanguage":"it-IT"},{"@type":"WebPage","@id":"https:\/\/www.lemporiodelleidee.it\/articoli\/2018\/11\/21\/divani-quarrata-2\/","url":"https:\/\/www.lemporiodelleidee.it\/articoli\/2018\/11\/21\/divani-quarrata-2\/","name":"Divani Quarrata - Emporio delle idee","isPartOf":{"@id":"https:\/\/www.lemporiodelleidee.it\/articoli\/#website"},"primaryImageOfPage":{"@id":"https:\/\/www.lemporiodelleidee.it\/articoli\/2018\/11\/21\/divani-quarrata-2\/#primaryimage"},"image":{"@id":"https:\/\/www.lemporiodelleidee.it\/articoli\/2018\/11\/21\/divani-quarrata-2\/#primaryimage"},"thumbnailUrl":"https:\/\/www.lemporiodelleidee.it\/articoli\/wp-content\/uploads\/2018\/11\/cappelli.jpg","datePublished":"2018-11-21T15:26:06+00:00","dateModified":"2018-11-21T16:22:02+00:00","author":{"@id":"https:\/\/www.lemporiodelleidee.it\/articoli\/#\/schema\/person\/73a919c9c7bb23f00a92ce23b68f8023"},"breadcrumb":{"@id":"https:\/\/www.lemporiodelleidee.it\/articoli\/2018\/11\/21\/divani-quarrata-2\/#breadcrumb"},"inLanguage":"it-IT","potentialAction":[{"@type":"ReadAction","target":["https:\/\/www.lemporiodelleidee.it\/articoli\/2018\/11\/21\/divani-quarrata-2\/"]}]},{"@type":"ImageObject","inLanguage":"it-IT","@id":"https:\/\/www.lemporiodelleidee.it\/articoli\/2018\/11\/21\/divani-quarrata-2\/#primaryimage","url":"https:\/\/www.lemporiodelleidee.it\/articoli\/wp-content\/uploads\/2018\/11\/cappelli.jpg","contentUrl":"https:\/\/www.lemporiodelleidee.it\/articoli\/wp-content\/uploads\/2018\/11\/cappelli.jpg","width":684,"height":380,"caption":"Divani Quarrata"},{"@type":"BreadcrumbList","@id":"https:\/\/www.lemporiodelleidee.it\/articoli\/2018\/11\/21\/divani-quarrata-2\/#breadcrumb","itemListElement":[{"@type":"ListItem","position":1,"name":"Home","item":"https:\/\/www.lemporiodelleidee.it\/articoli\/"},{"@type":"ListItem","position":2,"name":"Divani Quarrata"}]},{"@type":"WebSite","@id":"https:\/\/www.lemporiodelleidee.it\/articoli\/#website","url":"https:\/\/www.lemporiodelleidee.it\/articoli\/","name":"Emporio delle idee","description":"I migliori siti del web","potentialAction":[{"@type":"SearchAction","target":{"@type":"EntryPoint","urlTemplate":"https:\/\/www.lemporiodelleidee.it\/articoli\/?s={search_term_string}"},"query-input":{"@type":"PropertyValueSpecification","valueRequired":true,"valueName":"search_term_string"}}],"inLanguage":"it-IT"},{"@type":"Person","@id":"https:\/\/www.lemporiodelleidee.it\/articoli\/#\/schema\/person\/73a919c9c7bb23f00a92ce23b68f8023","name":"ocirne","image":{"@type":"ImageObject","inLanguage":"it-IT","@id":"https:\/\/secure.gravatar.com\/avatar\/f072f13a935e1f817dbf02b3cfb832272e90062857af4be4f54bdca75587384c?s=96&d=mm&r=g","url":"https:\/\/secure.gravatar.com\/avatar\/f072f13a935e1f817dbf02b3cfb832272e90062857af4be4f54bdca75587384c?s=96&d=mm&r=g","contentUrl":"https:\/\/secure.gravatar.com\/avatar\/f072f13a935e1f817dbf02b3cfb832272e90062857af4be4f54bdca75587384c?s=96&d=mm&r=g","caption":"ocirne"},"url":"https:\/\/www.lemporiodelleidee.it\/articoli\/author\/enrico\/"}]}},"_links":{"self":[{"href":"https:\/\/www.lemporiodelleidee.it\/articoli\/wp-json\/wp\/v2\/posts\/208","targetHints":{"allow":["GET"]}}],"collection":[{"href":"https:\/\/www.lemporiodelleidee.it\/articoli\/wp-json\/wp\/v2\/posts"}],"about":[{"href":"https:\/\/www.lemporiodelleidee.it\/articoli\/wp-json\/wp\/v2\/types\/post"}],"author":[{"embeddable":true,"href":"https:\/\/www.lemporiodelleidee.it\/articoli\/wp-json\/wp\/v2\/users\/2"}],"replies":[{"embeddable":true,"href":"https:\/\/www.lemporiodelleidee.it\/articoli\/wp-json\/wp\/v2\/comments?post=208"}],"version-history":[{"count":2,"href":"https:\/\/www.lemporiodelleidee.it\/articoli\/wp-json\/wp\/v2\/posts\/208\/revisions"}],"predecessor-version":[{"id":213,"href":"https:\/\/www.lemporiodelleidee.it\/articoli\/wp-json\/wp\/v2\/posts\/208\/revisions\/213"}],"wp:featuredmedia":[{"embeddable":true,"href":"https:\/\/www.lemporiodelleidee.it\/articoli\/wp-json\/wp\/v2\/media\/211"}],"wp:attachment":[{"href":"https:\/\/www.lemporiodelleidee.it\/articoli\/wp-json\/wp\/v2\/media?parent=208"}],"wp:term":[{"taxonomy":"category","embeddable":true,"href":"https:\/\/www.lemporiodelleidee.it\/articoli\/wp-json\/wp\/v2\/categories?post=208"},{"taxonomy":"post_tag","embeddable":true,"href":"https:\/\/www.lemporiodelleidee.it\/articoli\/wp-json\/wp\/v2\/tags?post=208"}],"curies":[{"name":"wp","href":"https:\/\/api.w.org\/{rel}","templated":true}]}}