{"id":321,"date":"2020-07-08T15:57:23","date_gmt":"2020-07-08T13:57:23","guid":{"rendered":"http:\/\/www.lemporiodelleidee.it\/articoli\/?p=321"},"modified":"2020-07-08T15:57:25","modified_gmt":"2020-07-08T13:57:25","slug":"pronto-moda-prato","status":"publish","type":"post","link":"https:\/\/www.lemporiodelleidee.it\/articoli\/2020\/07\/08\/pronto-moda-prato\/","title":{"rendered":"Pronto Moda Prato"},"content":{"rendered":"<div class=\"bffc8b465260131ebec72756c0b29a56\" data-index=\"1\" style=\"float: none; margin:10px 0 10px 0; text-align:center;\">\n<script async src=\"\/\/pagead2.googlesyndication.com\/pagead\/js\/adsbygoogle.js\"><\/script>\r\n<!-- laroveta -->\n<\/div>\n\n<p>Il <a rel=\"noreferrer noopener\" aria-label=\"Pronto Moda Prato (apre in una nuova scheda)\" href=\"http:\/\/www.maglificiogio.it\" target=\"_blank\">Pronto Moda Prato<\/a> s&#8217;\u00e8 dimostrato un vero e proprio business non soltanto per la tradizione che la citt\u00e0 di Prato ha nel settore dei tessuti ma anche perch\u00e9 il pronto moda ha raggiunto vette e numeri significativi per la vendita al dettaglio dell&#8217;abbigliamento, Soprattutto per quello femminile senza per\u00f2 troppo trascurare l&#8217;abbigliamento maschile.<\/p>\n\n\n\n<p>\u00a0il Pronto Moda oramai da multi decenni viene accostato alla citt\u00e0 di Prato, la seconda citt\u00e0 della Toscana per numero di abitanti, terza nell&#8217;Italia centrale, e che storicamente vanta tradizioni nel mondo dei tessuti che poche altre citt\u00e0 del mondo possono vantare (<a href=\"http:\/\/www.maglificiogio.com\" target=\"_blank\" rel=\"noreferrer noopener\" aria-label=\"Italian knitwear (apre in una nuova scheda)\">Italian knitwear<\/a>)<\/p>\n\n\n\n<p>\u00a0l&#8217;attivit\u00e0 industriale col passare degli anni si \u00e8 spostata dalla periferia della citt\u00e0 fino ai sobborghi di Prato se non addirittura avvicinandosi al centro citt\u00e0.<\/p>\n\n\n\n<p>Come tutte le altre province della regione Toscana anche Prato vanta numerose bellezze artistiche, ed \u00e8 invidiata in tutto il mondo, e le bellezze la rendono l&#8217;ennesima citt\u00e0 d&#8217;Italia particolarmente apprezzata da visitatori e turisti provenienti da ogni angolo del mondo<br><\/p>\n\n<div style=\"font-size: 0px; height: 0px; line-height: 0px; margin: 0; padding: 0; clear: both;\"><\/div>","protected":false},"excerpt":{"rendered":"<p>Il Pronto Moda Prato s&#8217;\u00e8 dimostrato un vero e proprio business non soltanto per la tradizione che la citt\u00e0 di Prato ha nel settore dei tessuti ma anche perch\u00e9 il pronto moda ha raggiunto vette e numeri significativi per la vendita al dettaglio dell&#8217;abbigliamento, Soprattutto per quello femminile senza per\u00f2 troppo trascurare l&#8217;abbigliamento maschile. \u00a0il [&hellip;]<\/p>\n","protected":false},"author":2,"featured_media":323,"comment_status":"closed","ping_status":"closed","sticky":false,"template":"","format":"standard","meta":{"footnotes":""},"categories":[20],"tags":[],"class_list":["post-321","post","type-post","status-publish","format-standard","has-post-thumbnail","hentry","category-abbigliamento"],"yoast_head":"<!-- This site is optimized with the Yoast SEO plugin v27.5 - https:\/\/yoast.com\/product\/yoast-seo-wordpress\/ -->\n<title>Pronto Moda Prato - Emporio delle idee<\/title>\n<meta name=\"robots\" content=\"index, follow, max-snippet:-1, max-image-preview:large, max-video-preview:-1\" \/>\n<link rel=\"canonical\" href=\"https:\/\/www.lemporiodelleidee.it\/articoli\/2020\/07\/08\/pronto-moda-prato\/\" \/>\n<meta property=\"og:locale\" content=\"it_IT\" \/>\n<meta property=\"og:type\" content=\"article\" \/>\n<meta property=\"og:title\" content=\"Pronto Moda Prato - Emporio delle idee\" \/>\n<meta property=\"og:description\" content=\"Il Pronto Moda Prato s&#8217;\u00e8 dimostrato un vero e proprio business non soltanto per la tradizione che la citt\u00e0 di Prato ha nel settore dei tessuti ma anche perch\u00e9 il pronto moda ha raggiunto vette e numeri significativi per la vendita al dettaglio dell&#8217;abbigliamento, Soprattutto per quello femminile senza per\u00f2 troppo trascurare l&#8217;abbigliamento maschile. \u00a0il [&hellip;]\" \/>\n<meta property=\"og:url\" content=\"https:\/\/www.lemporiodelleidee.it\/articoli\/2020\/07\/08\/pronto-moda-prato\/\" \/>\n<meta property=\"og:site_name\" content=\"Emporio delle idee\" \/>\n<meta property=\"article:published_time\" content=\"2020-07-08T13:57:23+00:00\" \/>\n<meta property=\"article:modified_time\" content=\"2020-07-08T13:57:25+00:00\" \/>\n<meta property=\"og:image\" content=\"https:\/\/www.lemporiodelleidee.it\/articoli\/wp-content\/uploads\/2020\/07\/maglieria-prato-3-1.jpg\" \/>\n\t<meta property=\"og:image:width\" content=\"867\" \/>\n\t<meta property=\"og:image:height\" content=\"650\" \/>\n\t<meta property=\"og:image:type\" content=\"image\/jpeg\" \/>\n<meta name=\"author\" content=\"ocirne\" \/>\n<meta name=\"twitter:card\" content=\"summary_large_image\" \/>\n<meta name=\"twitter:label1\" content=\"Scritto da\" \/>\n\t<meta name=\"twitter:data1\" content=\"ocirne\" \/>\n\t<meta name=\"twitter:label2\" content=\"Tempo di lettura stimato\" \/>\n\t<meta name=\"twitter:data2\" content=\"1 minuto\" \/>\n<script type=\"application\/ld+json\" class=\"yoast-schema-graph\">{\"@context\":\"https:\\\/\\\/schema.org\",\"@graph\":[{\"@type\":\"Article\",\"@id\":\"https:\\\/\\\/www.lemporiodelleidee.it\\\/articoli\\\/2020\\\/07\\\/08\\\/pronto-moda-prato\\\/#article\",\"isPartOf\":{\"@id\":\"https:\\\/\\\/www.lemporiodelleidee.it\\\/articoli\\\/2020\\\/07\\\/08\\\/pronto-moda-prato\\\/\"},\"author\":{\"name\":\"ocirne\",\"@id\":\"https:\\\/\\\/www.lemporiodelleidee.it\\\/articoli\\\/#\\\/schema\\\/person\\\/73a919c9c7bb23f00a92ce23b68f8023\"},\"headline\":\"Pronto Moda Prato\",\"datePublished\":\"2020-07-08T13:57:23+00:00\",\"dateModified\":\"2020-07-08T13:57:25+00:00\",\"mainEntityOfPage\":{\"@id\":\"https:\\\/\\\/www.lemporiodelleidee.it\\\/articoli\\\/2020\\\/07\\\/08\\\/pronto-moda-prato\\\/\"},\"wordCount\":165,\"image\":{\"@id\":\"https:\\\/\\\/www.lemporiodelleidee.it\\\/articoli\\\/2020\\\/07\\\/08\\\/pronto-moda-prato\\\/#primaryimage\"},\"thumbnailUrl\":\"https:\\\/\\\/www.lemporiodelleidee.it\\\/articoli\\\/wp-content\\\/uploads\\\/2020\\\/07\\\/maglieria-prato-3-1.jpg\",\"articleSection\":[\"Abbigliamento\"],\"inLanguage\":\"it-IT\"},{\"@type\":\"WebPage\",\"@id\":\"https:\\\/\\\/www.lemporiodelleidee.it\\\/articoli\\\/2020\\\/07\\\/08\\\/pronto-moda-prato\\\/\",\"url\":\"https:\\\/\\\/www.lemporiodelleidee.it\\\/articoli\\\/2020\\\/07\\\/08\\\/pronto-moda-prato\\\/\",\"name\":\"Pronto Moda Prato - Emporio delle idee\",\"isPartOf\":{\"@id\":\"https:\\\/\\\/www.lemporiodelleidee.it\\\/articoli\\\/#website\"},\"primaryImageOfPage\":{\"@id\":\"https:\\\/\\\/www.lemporiodelleidee.it\\\/articoli\\\/2020\\\/07\\\/08\\\/pronto-moda-prato\\\/#primaryimage\"},\"image\":{\"@id\":\"https:\\\/\\\/www.lemporiodelleidee.it\\\/articoli\\\/2020\\\/07\\\/08\\\/pronto-moda-prato\\\/#primaryimage\"},\"thumbnailUrl\":\"https:\\\/\\\/www.lemporiodelleidee.it\\\/articoli\\\/wp-content\\\/uploads\\\/2020\\\/07\\\/maglieria-prato-3-1.jpg\",\"datePublished\":\"2020-07-08T13:57:23+00:00\",\"dateModified\":\"2020-07-08T13:57:25+00:00\",\"author\":{\"@id\":\"https:\\\/\\\/www.lemporiodelleidee.it\\\/articoli\\\/#\\\/schema\\\/person\\\/73a919c9c7bb23f00a92ce23b68f8023\"},\"breadcrumb\":{\"@id\":\"https:\\\/\\\/www.lemporiodelleidee.it\\\/articoli\\\/2020\\\/07\\\/08\\\/pronto-moda-prato\\\/#breadcrumb\"},\"inLanguage\":\"it-IT\",\"potentialAction\":[{\"@type\":\"ReadAction\",\"target\":[\"https:\\\/\\\/www.lemporiodelleidee.it\\\/articoli\\\/2020\\\/07\\\/08\\\/pronto-moda-prato\\\/\"]}]},{\"@type\":\"ImageObject\",\"inLanguage\":\"it-IT\",\"@id\":\"https:\\\/\\\/www.lemporiodelleidee.it\\\/articoli\\\/2020\\\/07\\\/08\\\/pronto-moda-prato\\\/#primaryimage\",\"url\":\"https:\\\/\\\/www.lemporiodelleidee.it\\\/articoli\\\/wp-content\\\/uploads\\\/2020\\\/07\\\/maglieria-prato-3-1.jpg\",\"contentUrl\":\"https:\\\/\\\/www.lemporiodelleidee.it\\\/articoli\\\/wp-content\\\/uploads\\\/2020\\\/07\\\/maglieria-prato-3-1.jpg\",\"width\":867,\"height\":650,\"caption\":\"Pronto Moda Prato\"},{\"@type\":\"BreadcrumbList\",\"@id\":\"https:\\\/\\\/www.lemporiodelleidee.it\\\/articoli\\\/2020\\\/07\\\/08\\\/pronto-moda-prato\\\/#breadcrumb\",\"itemListElement\":[{\"@type\":\"ListItem\",\"position\":1,\"name\":\"Home\",\"item\":\"https:\\\/\\\/www.lemporiodelleidee.it\\\/articoli\\\/\"},{\"@type\":\"ListItem\",\"position\":2,\"name\":\"Pronto Moda Prato\"}]},{\"@type\":\"WebSite\",\"@id\":\"https:\\\/\\\/www.lemporiodelleidee.it\\\/articoli\\\/#website\",\"url\":\"https:\\\/\\\/www.lemporiodelleidee.it\\\/articoli\\\/\",\"name\":\"Emporio delle idee\",\"description\":\"I migliori siti del web\",\"potentialAction\":[{\"@type\":\"SearchAction\",\"target\":{\"@type\":\"EntryPoint\",\"urlTemplate\":\"https:\\\/\\\/www.lemporiodelleidee.it\\\/articoli\\\/?s={search_term_string}\"},\"query-input\":{\"@type\":\"PropertyValueSpecification\",\"valueRequired\":true,\"valueName\":\"search_term_string\"}}],\"inLanguage\":\"it-IT\"},{\"@type\":\"Person\",\"@id\":\"https:\\\/\\\/www.lemporiodelleidee.it\\\/articoli\\\/#\\\/schema\\\/person\\\/73a919c9c7bb23f00a92ce23b68f8023\",\"name\":\"ocirne\",\"image\":{\"@type\":\"ImageObject\",\"inLanguage\":\"it-IT\",\"@id\":\"https:\\\/\\\/secure.gravatar.com\\\/avatar\\\/f072f13a935e1f817dbf02b3cfb832272e90062857af4be4f54bdca75587384c?s=96&d=mm&r=g\",\"url\":\"https:\\\/\\\/secure.gravatar.com\\\/avatar\\\/f072f13a935e1f817dbf02b3cfb832272e90062857af4be4f54bdca75587384c?s=96&d=mm&r=g\",\"contentUrl\":\"https:\\\/\\\/secure.gravatar.com\\\/avatar\\\/f072f13a935e1f817dbf02b3cfb832272e90062857af4be4f54bdca75587384c?s=96&d=mm&r=g\",\"caption\":\"ocirne\"},\"url\":\"https:\\\/\\\/www.lemporiodelleidee.it\\\/articoli\\\/author\\\/enrico\\\/\"}]}<\/script>\n<!-- \/ Yoast SEO plugin. -->","yoast_head_json":{"title":"Pronto Moda Prato - Emporio delle idee","robots":{"index":"index","follow":"follow","max-snippet":"max-snippet:-1","max-image-preview":"max-image-preview:large","max-video-preview":"max-video-preview:-1"},"canonical":"https:\/\/www.lemporiodelleidee.it\/articoli\/2020\/07\/08\/pronto-moda-prato\/","og_locale":"it_IT","og_type":"article","og_title":"Pronto Moda Prato - Emporio delle idee","og_description":"Il Pronto Moda Prato s&#8217;\u00e8 dimostrato un vero e proprio business non soltanto per la tradizione che la citt\u00e0 di Prato ha nel settore dei tessuti ma anche perch\u00e9 il pronto moda ha raggiunto vette e numeri significativi per la vendita al dettaglio dell&#8217;abbigliamento, Soprattutto per quello femminile senza per\u00f2 troppo trascurare l&#8217;abbigliamento maschile. \u00a0il [&hellip;]","og_url":"https:\/\/www.lemporiodelleidee.it\/articoli\/2020\/07\/08\/pronto-moda-prato\/","og_site_name":"Emporio delle idee","article_published_time":"2020-07-08T13:57:23+00:00","article_modified_time":"2020-07-08T13:57:25+00:00","og_image":[{"width":867,"height":650,"url":"https:\/\/www.lemporiodelleidee.it\/articoli\/wp-content\/uploads\/2020\/07\/maglieria-prato-3-1.jpg","type":"image\/jpeg"}],"author":"ocirne","twitter_card":"summary_large_image","twitter_misc":{"Scritto da":"ocirne","Tempo di lettura stimato":"1 minuto"},"schema":{"@context":"https:\/\/schema.org","@graph":[{"@type":"Article","@id":"https:\/\/www.lemporiodelleidee.it\/articoli\/2020\/07\/08\/pronto-moda-prato\/#article","isPartOf":{"@id":"https:\/\/www.lemporiodelleidee.it\/articoli\/2020\/07\/08\/pronto-moda-prato\/"},"author":{"name":"ocirne","@id":"https:\/\/www.lemporiodelleidee.it\/articoli\/#\/schema\/person\/73a919c9c7bb23f00a92ce23b68f8023"},"headline":"Pronto Moda Prato","datePublished":"2020-07-08T13:57:23+00:00","dateModified":"2020-07-08T13:57:25+00:00","mainEntityOfPage":{"@id":"https:\/\/www.lemporiodelleidee.it\/articoli\/2020\/07\/08\/pronto-moda-prato\/"},"wordCount":165,"image":{"@id":"https:\/\/www.lemporiodelleidee.it\/articoli\/2020\/07\/08\/pronto-moda-prato\/#primaryimage"},"thumbnailUrl":"https:\/\/www.lemporiodelleidee.it\/articoli\/wp-content\/uploads\/2020\/07\/maglieria-prato-3-1.jpg","articleSection":["Abbigliamento"],"inLanguage":"it-IT"},{"@type":"WebPage","@id":"https:\/\/www.lemporiodelleidee.it\/articoli\/2020\/07\/08\/pronto-moda-prato\/","url":"https:\/\/www.lemporiodelleidee.it\/articoli\/2020\/07\/08\/pronto-moda-prato\/","name":"Pronto Moda Prato - Emporio delle idee","isPartOf":{"@id":"https:\/\/www.lemporiodelleidee.it\/articoli\/#website"},"primaryImageOfPage":{"@id":"https:\/\/www.lemporiodelleidee.it\/articoli\/2020\/07\/08\/pronto-moda-prato\/#primaryimage"},"image":{"@id":"https:\/\/www.lemporiodelleidee.it\/articoli\/2020\/07\/08\/pronto-moda-prato\/#primaryimage"},"thumbnailUrl":"https:\/\/www.lemporiodelleidee.it\/articoli\/wp-content\/uploads\/2020\/07\/maglieria-prato-3-1.jpg","datePublished":"2020-07-08T13:57:23+00:00","dateModified":"2020-07-08T13:57:25+00:00","author":{"@id":"https:\/\/www.lemporiodelleidee.it\/articoli\/#\/schema\/person\/73a919c9c7bb23f00a92ce23b68f8023"},"breadcrumb":{"@id":"https:\/\/www.lemporiodelleidee.it\/articoli\/2020\/07\/08\/pronto-moda-prato\/#breadcrumb"},"inLanguage":"it-IT","potentialAction":[{"@type":"ReadAction","target":["https:\/\/www.lemporiodelleidee.it\/articoli\/2020\/07\/08\/pronto-moda-prato\/"]}]},{"@type":"ImageObject","inLanguage":"it-IT","@id":"https:\/\/www.lemporiodelleidee.it\/articoli\/2020\/07\/08\/pronto-moda-prato\/#primaryimage","url":"https:\/\/www.lemporiodelleidee.it\/articoli\/wp-content\/uploads\/2020\/07\/maglieria-prato-3-1.jpg","contentUrl":"https:\/\/www.lemporiodelleidee.it\/articoli\/wp-content\/uploads\/2020\/07\/maglieria-prato-3-1.jpg","width":867,"height":650,"caption":"Pronto Moda Prato"},{"@type":"BreadcrumbList","@id":"https:\/\/www.lemporiodelleidee.it\/articoli\/2020\/07\/08\/pronto-moda-prato\/#breadcrumb","itemListElement":[{"@type":"ListItem","position":1,"name":"Home","item":"https:\/\/www.lemporiodelleidee.it\/articoli\/"},{"@type":"ListItem","position":2,"name":"Pronto Moda Prato"}]},{"@type":"WebSite","@id":"https:\/\/www.lemporiodelleidee.it\/articoli\/#website","url":"https:\/\/www.lemporiodelleidee.it\/articoli\/","name":"Emporio delle idee","description":"I migliori siti del web","potentialAction":[{"@type":"SearchAction","target":{"@type":"EntryPoint","urlTemplate":"https:\/\/www.lemporiodelleidee.it\/articoli\/?s={search_term_string}"},"query-input":{"@type":"PropertyValueSpecification","valueRequired":true,"valueName":"search_term_string"}}],"inLanguage":"it-IT"},{"@type":"Person","@id":"https:\/\/www.lemporiodelleidee.it\/articoli\/#\/schema\/person\/73a919c9c7bb23f00a92ce23b68f8023","name":"ocirne","image":{"@type":"ImageObject","inLanguage":"it-IT","@id":"https:\/\/secure.gravatar.com\/avatar\/f072f13a935e1f817dbf02b3cfb832272e90062857af4be4f54bdca75587384c?s=96&d=mm&r=g","url":"https:\/\/secure.gravatar.com\/avatar\/f072f13a935e1f817dbf02b3cfb832272e90062857af4be4f54bdca75587384c?s=96&d=mm&r=g","contentUrl":"https:\/\/secure.gravatar.com\/avatar\/f072f13a935e1f817dbf02b3cfb832272e90062857af4be4f54bdca75587384c?s=96&d=mm&r=g","caption":"ocirne"},"url":"https:\/\/www.lemporiodelleidee.it\/articoli\/author\/enrico\/"}]}},"_links":{"self":[{"href":"https:\/\/www.lemporiodelleidee.it\/articoli\/wp-json\/wp\/v2\/posts\/321","targetHints":{"allow":["GET"]}}],"collection":[{"href":"https:\/\/www.lemporiodelleidee.it\/articoli\/wp-json\/wp\/v2\/posts"}],"about":[{"href":"https:\/\/www.lemporiodelleidee.it\/articoli\/wp-json\/wp\/v2\/types\/post"}],"author":[{"embeddable":true,"href":"https:\/\/www.lemporiodelleidee.it\/articoli\/wp-json\/wp\/v2\/users\/2"}],"replies":[{"embeddable":true,"href":"https:\/\/www.lemporiodelleidee.it\/articoli\/wp-json\/wp\/v2\/comments?post=321"}],"version-history":[{"count":1,"href":"https:\/\/www.lemporiodelleidee.it\/articoli\/wp-json\/wp\/v2\/posts\/321\/revisions"}],"predecessor-version":[{"id":324,"href":"https:\/\/www.lemporiodelleidee.it\/articoli\/wp-json\/wp\/v2\/posts\/321\/revisions\/324"}],"wp:featuredmedia":[{"embeddable":true,"href":"https:\/\/www.lemporiodelleidee.it\/articoli\/wp-json\/wp\/v2\/media\/323"}],"wp:attachment":[{"href":"https:\/\/www.lemporiodelleidee.it\/articoli\/wp-json\/wp\/v2\/media?parent=321"}],"wp:term":[{"taxonomy":"category","embeddable":true,"href":"https:\/\/www.lemporiodelleidee.it\/articoli\/wp-json\/wp\/v2\/categories?post=321"},{"taxonomy":"post_tag","embeddable":true,"href":"https:\/\/www.lemporiodelleidee.it\/articoli\/wp-json\/wp\/v2\/tags?post=321"}],"curies":[{"name":"wp","href":"https:\/\/api.w.org\/{rel}","templated":true}]}}