{"id":417,"date":"2021-12-30T16:45:19","date_gmt":"2021-12-30T15:45:19","guid":{"rendered":"http:\/\/www.lemporiodelleidee.it\/articoli\/?p=417"},"modified":"2021-12-30T16:45:21","modified_gmt":"2021-12-30T15:45:21","slug":"garage-firenze","status":"publish","type":"post","link":"https:\/\/www.lemporiodelleidee.it\/articoli\/2021\/12\/30\/garage-firenze\/","title":{"rendered":"Garage Firenze"},"content":{"rendered":"<div class=\"bffc8b465260131ebec72756c0b29a56\" data-index=\"1\" style=\"float: none; margin:10px 0 10px 0; text-align:center;\">\n<script async src=\"\/\/pagead2.googlesyndication.com\/pagead\/js\/adsbygoogle.js\"><\/script>\r\n<!-- laroveta -->\n<\/div>\n\n<p>Per posteggiare la proprio auto, tenerla custodita per periodi pi\u00f9 o meno lunghi, la necessit\u00e0 di un <a href=\"http:\/\/www.garagearno.it\" target=\"_blank\" rel=\"noreferrer noopener\">garage Firenze<\/a> si \u00e8 resa davvero urgente.<\/p>\n\n\n\n<p>Firenze \u00e8 infatti una ridente cittadina della regione Toscana, ammirata in tutto il mondo per la bellezza dei propri musei e la buona cucina toscana. E&#8217; decisamente consigliato l&#8217;utilizzo della propria automobile per girare non solo in citt\u00e0 ma anche per le meravigliose colline che circondano la sede urbana; tuttavia tenere in sicurezza il proprio mezzo di trasporto in un comodo Garage Firenze \u00e8 senz&#8217;altro la soluzione migliore per custodirla a due passi dal proprio appartamento o dal proprio albergo. Molti di questi garage a Firenze hanno anche diversi servizi da offrire, tra cui il lavaggio e la pulizia degli interni del veicolo magari mentre tu te ne stai incollato ad ammirare le meraviglie della citt\u00e0 a iniziare dal centro storico, che \u00e8 un vero e proprio museo a cielo aperto.<\/p>\n\n<div style=\"font-size: 0px; height: 0px; line-height: 0px; margin: 0; padding: 0; clear: both;\"><\/div>","protected":false},"excerpt":{"rendered":"<p>Per posteggiare la proprio auto, tenerla custodita per periodi pi\u00f9 o meno lunghi, la necessit\u00e0 di un garage Firenze si \u00e8 resa davvero urgente. Firenze \u00e8 infatti una ridente cittadina della regione Toscana, ammirata in tutto il mondo per la bellezza dei propri musei e la buona cucina toscana. E&#8217; decisamente consigliato l&#8217;utilizzo della propria [&hellip;]<\/p>\n","protected":false},"author":2,"featured_media":419,"comment_status":"closed","ping_status":"closed","sticky":false,"template":"","format":"standard","meta":{"footnotes":""},"categories":[4],"tags":[],"class_list":["post-417","post","type-post","status-publish","format-standard","has-post-thumbnail","hentry","category-aziende"],"yoast_head":"<!-- This site is optimized with the Yoast SEO plugin v27.5 - https:\/\/yoast.com\/product\/yoast-seo-wordpress\/ -->\n<title>Garage Firenze - Emporio delle idee<\/title>\n<meta name=\"robots\" content=\"index, follow, max-snippet:-1, max-image-preview:large, max-video-preview:-1\" \/>\n<link rel=\"canonical\" href=\"https:\/\/www.lemporiodelleidee.it\/articoli\/2021\/12\/30\/garage-firenze\/\" \/>\n<meta property=\"og:locale\" content=\"it_IT\" \/>\n<meta property=\"og:type\" content=\"article\" \/>\n<meta property=\"og:title\" content=\"Garage Firenze - Emporio delle idee\" \/>\n<meta property=\"og:description\" content=\"Per posteggiare la proprio auto, tenerla custodita per periodi pi\u00f9 o meno lunghi, la necessit\u00e0 di un garage Firenze si \u00e8 resa davvero urgente. Firenze \u00e8 infatti una ridente cittadina della regione Toscana, ammirata in tutto il mondo per la bellezza dei propri musei e la buona cucina toscana. E&#8217; decisamente consigliato l&#8217;utilizzo della propria [&hellip;]\" \/>\n<meta property=\"og:url\" content=\"https:\/\/www.lemporiodelleidee.it\/articoli\/2021\/12\/30\/garage-firenze\/\" \/>\n<meta property=\"og:site_name\" content=\"Emporio delle idee\" \/>\n<meta property=\"article:published_time\" content=\"2021-12-30T15:45:19+00:00\" \/>\n<meta property=\"article:modified_time\" content=\"2021-12-30T15:45:21+00:00\" \/>\n<meta property=\"og:image\" content=\"https:\/\/www.lemporiodelleidee.it\/articoli\/wp-content\/uploads\/2021\/12\/Cattura.jpg\" \/>\n\t<meta property=\"og:image:width\" content=\"1126\" \/>\n\t<meta property=\"og:image:height\" content=\"600\" \/>\n\t<meta property=\"og:image:type\" content=\"image\/jpeg\" \/>\n<meta name=\"author\" content=\"ocirne\" \/>\n<meta name=\"twitter:card\" content=\"summary_large_image\" \/>\n<meta name=\"twitter:label1\" content=\"Scritto da\" \/>\n\t<meta name=\"twitter:data1\" content=\"ocirne\" \/>\n\t<meta name=\"twitter:label2\" content=\"Tempo di lettura stimato\" \/>\n\t<meta name=\"twitter:data2\" content=\"1 minuto\" \/>\n<script type=\"application\/ld+json\" class=\"yoast-schema-graph\">{\"@context\":\"https:\\\/\\\/schema.org\",\"@graph\":[{\"@type\":\"Article\",\"@id\":\"https:\\\/\\\/www.lemporiodelleidee.it\\\/articoli\\\/2021\\\/12\\\/30\\\/garage-firenze\\\/#article\",\"isPartOf\":{\"@id\":\"https:\\\/\\\/www.lemporiodelleidee.it\\\/articoli\\\/2021\\\/12\\\/30\\\/garage-firenze\\\/\"},\"author\":{\"name\":\"ocirne\",\"@id\":\"https:\\\/\\\/www.lemporiodelleidee.it\\\/articoli\\\/#\\\/schema\\\/person\\\/73a919c9c7bb23f00a92ce23b68f8023\"},\"headline\":\"Garage Firenze\",\"datePublished\":\"2021-12-30T15:45:19+00:00\",\"dateModified\":\"2021-12-30T15:45:21+00:00\",\"mainEntityOfPage\":{\"@id\":\"https:\\\/\\\/www.lemporiodelleidee.it\\\/articoli\\\/2021\\\/12\\\/30\\\/garage-firenze\\\/\"},\"wordCount\":153,\"image\":{\"@id\":\"https:\\\/\\\/www.lemporiodelleidee.it\\\/articoli\\\/2021\\\/12\\\/30\\\/garage-firenze\\\/#primaryimage\"},\"thumbnailUrl\":\"https:\\\/\\\/www.lemporiodelleidee.it\\\/articoli\\\/wp-content\\\/uploads\\\/2021\\\/12\\\/Cattura.jpg\",\"articleSection\":[\"Aziende\"],\"inLanguage\":\"it-IT\"},{\"@type\":\"WebPage\",\"@id\":\"https:\\\/\\\/www.lemporiodelleidee.it\\\/articoli\\\/2021\\\/12\\\/30\\\/garage-firenze\\\/\",\"url\":\"https:\\\/\\\/www.lemporiodelleidee.it\\\/articoli\\\/2021\\\/12\\\/30\\\/garage-firenze\\\/\",\"name\":\"Garage Firenze - Emporio delle idee\",\"isPartOf\":{\"@id\":\"https:\\\/\\\/www.lemporiodelleidee.it\\\/articoli\\\/#website\"},\"primaryImageOfPage\":{\"@id\":\"https:\\\/\\\/www.lemporiodelleidee.it\\\/articoli\\\/2021\\\/12\\\/30\\\/garage-firenze\\\/#primaryimage\"},\"image\":{\"@id\":\"https:\\\/\\\/www.lemporiodelleidee.it\\\/articoli\\\/2021\\\/12\\\/30\\\/garage-firenze\\\/#primaryimage\"},\"thumbnailUrl\":\"https:\\\/\\\/www.lemporiodelleidee.it\\\/articoli\\\/wp-content\\\/uploads\\\/2021\\\/12\\\/Cattura.jpg\",\"datePublished\":\"2021-12-30T15:45:19+00:00\",\"dateModified\":\"2021-12-30T15:45:21+00:00\",\"author\":{\"@id\":\"https:\\\/\\\/www.lemporiodelleidee.it\\\/articoli\\\/#\\\/schema\\\/person\\\/73a919c9c7bb23f00a92ce23b68f8023\"},\"breadcrumb\":{\"@id\":\"https:\\\/\\\/www.lemporiodelleidee.it\\\/articoli\\\/2021\\\/12\\\/30\\\/garage-firenze\\\/#breadcrumb\"},\"inLanguage\":\"it-IT\",\"potentialAction\":[{\"@type\":\"ReadAction\",\"target\":[\"https:\\\/\\\/www.lemporiodelleidee.it\\\/articoli\\\/2021\\\/12\\\/30\\\/garage-firenze\\\/\"]}]},{\"@type\":\"ImageObject\",\"inLanguage\":\"it-IT\",\"@id\":\"https:\\\/\\\/www.lemporiodelleidee.it\\\/articoli\\\/2021\\\/12\\\/30\\\/garage-firenze\\\/#primaryimage\",\"url\":\"https:\\\/\\\/www.lemporiodelleidee.it\\\/articoli\\\/wp-content\\\/uploads\\\/2021\\\/12\\\/Cattura.jpg\",\"contentUrl\":\"https:\\\/\\\/www.lemporiodelleidee.it\\\/articoli\\\/wp-content\\\/uploads\\\/2021\\\/12\\\/Cattura.jpg\",\"width\":1126,\"height\":600,\"caption\":\"Garage Firenze\"},{\"@type\":\"BreadcrumbList\",\"@id\":\"https:\\\/\\\/www.lemporiodelleidee.it\\\/articoli\\\/2021\\\/12\\\/30\\\/garage-firenze\\\/#breadcrumb\",\"itemListElement\":[{\"@type\":\"ListItem\",\"position\":1,\"name\":\"Home\",\"item\":\"https:\\\/\\\/www.lemporiodelleidee.it\\\/articoli\\\/\"},{\"@type\":\"ListItem\",\"position\":2,\"name\":\"Garage Firenze\"}]},{\"@type\":\"WebSite\",\"@id\":\"https:\\\/\\\/www.lemporiodelleidee.it\\\/articoli\\\/#website\",\"url\":\"https:\\\/\\\/www.lemporiodelleidee.it\\\/articoli\\\/\",\"name\":\"Emporio delle idee\",\"description\":\"I migliori siti del web\",\"potentialAction\":[{\"@type\":\"SearchAction\",\"target\":{\"@type\":\"EntryPoint\",\"urlTemplate\":\"https:\\\/\\\/www.lemporiodelleidee.it\\\/articoli\\\/?s={search_term_string}\"},\"query-input\":{\"@type\":\"PropertyValueSpecification\",\"valueRequired\":true,\"valueName\":\"search_term_string\"}}],\"inLanguage\":\"it-IT\"},{\"@type\":\"Person\",\"@id\":\"https:\\\/\\\/www.lemporiodelleidee.it\\\/articoli\\\/#\\\/schema\\\/person\\\/73a919c9c7bb23f00a92ce23b68f8023\",\"name\":\"ocirne\",\"image\":{\"@type\":\"ImageObject\",\"inLanguage\":\"it-IT\",\"@id\":\"https:\\\/\\\/secure.gravatar.com\\\/avatar\\\/f072f13a935e1f817dbf02b3cfb832272e90062857af4be4f54bdca75587384c?s=96&d=mm&r=g\",\"url\":\"https:\\\/\\\/secure.gravatar.com\\\/avatar\\\/f072f13a935e1f817dbf02b3cfb832272e90062857af4be4f54bdca75587384c?s=96&d=mm&r=g\",\"contentUrl\":\"https:\\\/\\\/secure.gravatar.com\\\/avatar\\\/f072f13a935e1f817dbf02b3cfb832272e90062857af4be4f54bdca75587384c?s=96&d=mm&r=g\",\"caption\":\"ocirne\"},\"url\":\"https:\\\/\\\/www.lemporiodelleidee.it\\\/articoli\\\/author\\\/enrico\\\/\"}]}<\/script>\n<!-- \/ Yoast SEO plugin. -->","yoast_head_json":{"title":"Garage Firenze - Emporio delle idee","robots":{"index":"index","follow":"follow","max-snippet":"max-snippet:-1","max-image-preview":"max-image-preview:large","max-video-preview":"max-video-preview:-1"},"canonical":"https:\/\/www.lemporiodelleidee.it\/articoli\/2021\/12\/30\/garage-firenze\/","og_locale":"it_IT","og_type":"article","og_title":"Garage Firenze - Emporio delle idee","og_description":"Per posteggiare la proprio auto, tenerla custodita per periodi pi\u00f9 o meno lunghi, la necessit\u00e0 di un garage Firenze si \u00e8 resa davvero urgente. Firenze \u00e8 infatti una ridente cittadina della regione Toscana, ammirata in tutto il mondo per la bellezza dei propri musei e la buona cucina toscana. E&#8217; decisamente consigliato l&#8217;utilizzo della propria [&hellip;]","og_url":"https:\/\/www.lemporiodelleidee.it\/articoli\/2021\/12\/30\/garage-firenze\/","og_site_name":"Emporio delle idee","article_published_time":"2021-12-30T15:45:19+00:00","article_modified_time":"2021-12-30T15:45:21+00:00","og_image":[{"width":1126,"height":600,"url":"https:\/\/www.lemporiodelleidee.it\/articoli\/wp-content\/uploads\/2021\/12\/Cattura.jpg","type":"image\/jpeg"}],"author":"ocirne","twitter_card":"summary_large_image","twitter_misc":{"Scritto da":"ocirne","Tempo di lettura stimato":"1 minuto"},"schema":{"@context":"https:\/\/schema.org","@graph":[{"@type":"Article","@id":"https:\/\/www.lemporiodelleidee.it\/articoli\/2021\/12\/30\/garage-firenze\/#article","isPartOf":{"@id":"https:\/\/www.lemporiodelleidee.it\/articoli\/2021\/12\/30\/garage-firenze\/"},"author":{"name":"ocirne","@id":"https:\/\/www.lemporiodelleidee.it\/articoli\/#\/schema\/person\/73a919c9c7bb23f00a92ce23b68f8023"},"headline":"Garage Firenze","datePublished":"2021-12-30T15:45:19+00:00","dateModified":"2021-12-30T15:45:21+00:00","mainEntityOfPage":{"@id":"https:\/\/www.lemporiodelleidee.it\/articoli\/2021\/12\/30\/garage-firenze\/"},"wordCount":153,"image":{"@id":"https:\/\/www.lemporiodelleidee.it\/articoli\/2021\/12\/30\/garage-firenze\/#primaryimage"},"thumbnailUrl":"https:\/\/www.lemporiodelleidee.it\/articoli\/wp-content\/uploads\/2021\/12\/Cattura.jpg","articleSection":["Aziende"],"inLanguage":"it-IT"},{"@type":"WebPage","@id":"https:\/\/www.lemporiodelleidee.it\/articoli\/2021\/12\/30\/garage-firenze\/","url":"https:\/\/www.lemporiodelleidee.it\/articoli\/2021\/12\/30\/garage-firenze\/","name":"Garage Firenze - Emporio delle idee","isPartOf":{"@id":"https:\/\/www.lemporiodelleidee.it\/articoli\/#website"},"primaryImageOfPage":{"@id":"https:\/\/www.lemporiodelleidee.it\/articoli\/2021\/12\/30\/garage-firenze\/#primaryimage"},"image":{"@id":"https:\/\/www.lemporiodelleidee.it\/articoli\/2021\/12\/30\/garage-firenze\/#primaryimage"},"thumbnailUrl":"https:\/\/www.lemporiodelleidee.it\/articoli\/wp-content\/uploads\/2021\/12\/Cattura.jpg","datePublished":"2021-12-30T15:45:19+00:00","dateModified":"2021-12-30T15:45:21+00:00","author":{"@id":"https:\/\/www.lemporiodelleidee.it\/articoli\/#\/schema\/person\/73a919c9c7bb23f00a92ce23b68f8023"},"breadcrumb":{"@id":"https:\/\/www.lemporiodelleidee.it\/articoli\/2021\/12\/30\/garage-firenze\/#breadcrumb"},"inLanguage":"it-IT","potentialAction":[{"@type":"ReadAction","target":["https:\/\/www.lemporiodelleidee.it\/articoli\/2021\/12\/30\/garage-firenze\/"]}]},{"@type":"ImageObject","inLanguage":"it-IT","@id":"https:\/\/www.lemporiodelleidee.it\/articoli\/2021\/12\/30\/garage-firenze\/#primaryimage","url":"https:\/\/www.lemporiodelleidee.it\/articoli\/wp-content\/uploads\/2021\/12\/Cattura.jpg","contentUrl":"https:\/\/www.lemporiodelleidee.it\/articoli\/wp-content\/uploads\/2021\/12\/Cattura.jpg","width":1126,"height":600,"caption":"Garage Firenze"},{"@type":"BreadcrumbList","@id":"https:\/\/www.lemporiodelleidee.it\/articoli\/2021\/12\/30\/garage-firenze\/#breadcrumb","itemListElement":[{"@type":"ListItem","position":1,"name":"Home","item":"https:\/\/www.lemporiodelleidee.it\/articoli\/"},{"@type":"ListItem","position":2,"name":"Garage Firenze"}]},{"@type":"WebSite","@id":"https:\/\/www.lemporiodelleidee.it\/articoli\/#website","url":"https:\/\/www.lemporiodelleidee.it\/articoli\/","name":"Emporio delle idee","description":"I migliori siti del web","potentialAction":[{"@type":"SearchAction","target":{"@type":"EntryPoint","urlTemplate":"https:\/\/www.lemporiodelleidee.it\/articoli\/?s={search_term_string}"},"query-input":{"@type":"PropertyValueSpecification","valueRequired":true,"valueName":"search_term_string"}}],"inLanguage":"it-IT"},{"@type":"Person","@id":"https:\/\/www.lemporiodelleidee.it\/articoli\/#\/schema\/person\/73a919c9c7bb23f00a92ce23b68f8023","name":"ocirne","image":{"@type":"ImageObject","inLanguage":"it-IT","@id":"https:\/\/secure.gravatar.com\/avatar\/f072f13a935e1f817dbf02b3cfb832272e90062857af4be4f54bdca75587384c?s=96&d=mm&r=g","url":"https:\/\/secure.gravatar.com\/avatar\/f072f13a935e1f817dbf02b3cfb832272e90062857af4be4f54bdca75587384c?s=96&d=mm&r=g","contentUrl":"https:\/\/secure.gravatar.com\/avatar\/f072f13a935e1f817dbf02b3cfb832272e90062857af4be4f54bdca75587384c?s=96&d=mm&r=g","caption":"ocirne"},"url":"https:\/\/www.lemporiodelleidee.it\/articoli\/author\/enrico\/"}]}},"_links":{"self":[{"href":"https:\/\/www.lemporiodelleidee.it\/articoli\/wp-json\/wp\/v2\/posts\/417","targetHints":{"allow":["GET"]}}],"collection":[{"href":"https:\/\/www.lemporiodelleidee.it\/articoli\/wp-json\/wp\/v2\/posts"}],"about":[{"href":"https:\/\/www.lemporiodelleidee.it\/articoli\/wp-json\/wp\/v2\/types\/post"}],"author":[{"embeddable":true,"href":"https:\/\/www.lemporiodelleidee.it\/articoli\/wp-json\/wp\/v2\/users\/2"}],"replies":[{"embeddable":true,"href":"https:\/\/www.lemporiodelleidee.it\/articoli\/wp-json\/wp\/v2\/comments?post=417"}],"version-history":[{"count":1,"href":"https:\/\/www.lemporiodelleidee.it\/articoli\/wp-json\/wp\/v2\/posts\/417\/revisions"}],"predecessor-version":[{"id":420,"href":"https:\/\/www.lemporiodelleidee.it\/articoli\/wp-json\/wp\/v2\/posts\/417\/revisions\/420"}],"wp:featuredmedia":[{"embeddable":true,"href":"https:\/\/www.lemporiodelleidee.it\/articoli\/wp-json\/wp\/v2\/media\/419"}],"wp:attachment":[{"href":"https:\/\/www.lemporiodelleidee.it\/articoli\/wp-json\/wp\/v2\/media?parent=417"}],"wp:term":[{"taxonomy":"category","embeddable":true,"href":"https:\/\/www.lemporiodelleidee.it\/articoli\/wp-json\/wp\/v2\/categories?post=417"},{"taxonomy":"post_tag","embeddable":true,"href":"https:\/\/www.lemporiodelleidee.it\/articoli\/wp-json\/wp\/v2\/tags?post=417"}],"curies":[{"name":"wp","href":"https:\/\/api.w.org\/{rel}","templated":true}]}}