{"id":508,"date":"2022-06-07T14:39:59","date_gmt":"2022-06-07T12:39:59","guid":{"rendered":"https:\/\/www.lemporiodelleidee.it\/articoli\/?p=508"},"modified":"2022-06-07T14:40:00","modified_gmt":"2022-06-07T12:40:00","slug":"affitto-appartamenti-campagna-toscana","status":"publish","type":"post","link":"https:\/\/www.lemporiodelleidee.it\/articoli\/2022\/06\/07\/affitto-appartamenti-campagna-toscana\/","title":{"rendered":"Affitto appartamenti campagna Toscana"},"content":{"rendered":"<div class=\"bffc8b465260131ebec72756c0b29a56\" data-index=\"1\" style=\"float: none; margin:10px 0 10px 0; text-align:center;\">\n<script async src=\"\/\/pagead2.googlesyndication.com\/pagead\/js\/adsbygoogle.js\"><\/script>\r\n<!-- laroveta -->\n<\/div>\n\n<p>Per tutti coloro che sono alla ricerca di <a href=\"http:\/\/www.villadipilarciano.it\" target=\"_blank\" rel=\"noreferrer noopener\">appartamenti in affitto campagna toscana<\/a>, \u00e8 logico puntare soprattutto alla zona del Mugello, ubicato nella Alta Toscana, immerso nella pace e nella tranquillit\u00e0.<\/p>\n\n\n\n<p>La facile reperibilit\u00e0 della zona permette Infatti, A tutti coloro che ricercano appartamenti in affitto Nella campagna toscana, di rilassarsi al termine di una giornata lavorativa immersi dal verde della localit\u00e0 con le buone stagioni che si protraggono per numerosi mesi all&#8217;anno.<\/p>\n\n\n\n<p>Naturalmente si pu\u00f2 prendere in affitto un appartamento Nella campagna toscana sia per brevi che per lunghi periodi, e generalmente chi si sofferma solo per qualche giorno, non pu\u00f2 poi esimersi da soffermarsi per un periodo decisamente pi\u00f9 lungo anche solo per cambiare il tipo di vita , con magari una scelta che comporti l&#8217;eliminazione dello stress dalle proprie giornate per una vita decisamente pi\u00f9 rilassante\u00a0<\/p>\n\n<div style=\"font-size: 0px; height: 0px; line-height: 0px; margin: 0; padding: 0; clear: both;\"><\/div>","protected":false},"excerpt":{"rendered":"<p>Per tutti coloro che sono alla ricerca di appartamenti in affitto campagna toscana, \u00e8 logico puntare soprattutto alla zona del Mugello, ubicato nella Alta Toscana, immerso nella pace e nella tranquillit\u00e0. La facile reperibilit\u00e0 della zona permette Infatti, A tutti coloro che ricercano appartamenti in affitto Nella campagna toscana, di rilassarsi al termine di una [&hellip;]<\/p>\n","protected":false},"author":2,"featured_media":510,"comment_status":"closed","ping_status":"closed","sticky":false,"template":"","format":"standard","meta":{"footnotes":""},"categories":[13],"tags":[],"class_list":["post-508","post","type-post","status-publish","format-standard","has-post-thumbnail","hentry","category-turismo"],"yoast_head":"<!-- This site is optimized with the Yoast SEO plugin v27.5 - https:\/\/yoast.com\/product\/yoast-seo-wordpress\/ -->\n<title>Affitto appartamenti campagna Toscana - Emporio delle idee<\/title>\n<meta name=\"robots\" content=\"index, follow, max-snippet:-1, max-image-preview:large, max-video-preview:-1\" \/>\n<link rel=\"canonical\" href=\"https:\/\/www.lemporiodelleidee.it\/articoli\/2022\/06\/07\/affitto-appartamenti-campagna-toscana\/\" \/>\n<meta property=\"og:locale\" content=\"it_IT\" \/>\n<meta property=\"og:type\" content=\"article\" \/>\n<meta property=\"og:title\" content=\"Affitto appartamenti campagna Toscana - Emporio delle idee\" \/>\n<meta property=\"og:description\" content=\"Per tutti coloro che sono alla ricerca di appartamenti in affitto campagna toscana, \u00e8 logico puntare soprattutto alla zona del Mugello, ubicato nella Alta Toscana, immerso nella pace e nella tranquillit\u00e0. La facile reperibilit\u00e0 della zona permette Infatti, A tutti coloro che ricercano appartamenti in affitto Nella campagna toscana, di rilassarsi al termine di una [&hellip;]\" \/>\n<meta property=\"og:url\" content=\"https:\/\/www.lemporiodelleidee.it\/articoli\/2022\/06\/07\/affitto-appartamenti-campagna-toscana\/\" \/>\n<meta property=\"og:site_name\" content=\"Emporio delle idee\" \/>\n<meta property=\"article:published_time\" content=\"2022-06-07T12:39:59+00:00\" \/>\n<meta property=\"article:modified_time\" content=\"2022-06-07T12:40:00+00:00\" \/>\n<meta property=\"og:image\" content=\"https:\/\/www.lemporiodelleidee.it\/articoli\/wp-content\/uploads\/2022\/06\/Cattura.jpg\" \/>\n\t<meta property=\"og:image:width\" content=\"699\" \/>\n\t<meta property=\"og:image:height\" content=\"408\" \/>\n\t<meta property=\"og:image:type\" content=\"image\/jpeg\" \/>\n<meta name=\"author\" content=\"ocirne\" \/>\n<meta name=\"twitter:card\" content=\"summary_large_image\" \/>\n<meta name=\"twitter:label1\" content=\"Scritto da\" \/>\n\t<meta name=\"twitter:data1\" content=\"ocirne\" \/>\n\t<meta name=\"twitter:label2\" content=\"Tempo di lettura stimato\" \/>\n\t<meta name=\"twitter:data2\" content=\"1 minuto\" \/>\n<script type=\"application\/ld+json\" class=\"yoast-schema-graph\">{\"@context\":\"https:\\\/\\\/schema.org\",\"@graph\":[{\"@type\":\"Article\",\"@id\":\"https:\\\/\\\/www.lemporiodelleidee.it\\\/articoli\\\/2022\\\/06\\\/07\\\/affitto-appartamenti-campagna-toscana\\\/#article\",\"isPartOf\":{\"@id\":\"https:\\\/\\\/www.lemporiodelleidee.it\\\/articoli\\\/2022\\\/06\\\/07\\\/affitto-appartamenti-campagna-toscana\\\/\"},\"author\":{\"name\":\"ocirne\",\"@id\":\"https:\\\/\\\/www.lemporiodelleidee.it\\\/articoli\\\/#\\\/schema\\\/person\\\/73a919c9c7bb23f00a92ce23b68f8023\"},\"headline\":\"Affitto appartamenti campagna Toscana\",\"datePublished\":\"2022-06-07T12:39:59+00:00\",\"dateModified\":\"2022-06-07T12:40:00+00:00\",\"mainEntityOfPage\":{\"@id\":\"https:\\\/\\\/www.lemporiodelleidee.it\\\/articoli\\\/2022\\\/06\\\/07\\\/affitto-appartamenti-campagna-toscana\\\/\"},\"wordCount\":141,\"image\":{\"@id\":\"https:\\\/\\\/www.lemporiodelleidee.it\\\/articoli\\\/2022\\\/06\\\/07\\\/affitto-appartamenti-campagna-toscana\\\/#primaryimage\"},\"thumbnailUrl\":\"https:\\\/\\\/www.lemporiodelleidee.it\\\/articoli\\\/wp-content\\\/uploads\\\/2022\\\/06\\\/Cattura.jpg\",\"articleSection\":[\"Turismo\"],\"inLanguage\":\"it-IT\"},{\"@type\":\"WebPage\",\"@id\":\"https:\\\/\\\/www.lemporiodelleidee.it\\\/articoli\\\/2022\\\/06\\\/07\\\/affitto-appartamenti-campagna-toscana\\\/\",\"url\":\"https:\\\/\\\/www.lemporiodelleidee.it\\\/articoli\\\/2022\\\/06\\\/07\\\/affitto-appartamenti-campagna-toscana\\\/\",\"name\":\"Affitto appartamenti campagna Toscana - Emporio delle idee\",\"isPartOf\":{\"@id\":\"https:\\\/\\\/www.lemporiodelleidee.it\\\/articoli\\\/#website\"},\"primaryImageOfPage\":{\"@id\":\"https:\\\/\\\/www.lemporiodelleidee.it\\\/articoli\\\/2022\\\/06\\\/07\\\/affitto-appartamenti-campagna-toscana\\\/#primaryimage\"},\"image\":{\"@id\":\"https:\\\/\\\/www.lemporiodelleidee.it\\\/articoli\\\/2022\\\/06\\\/07\\\/affitto-appartamenti-campagna-toscana\\\/#primaryimage\"},\"thumbnailUrl\":\"https:\\\/\\\/www.lemporiodelleidee.it\\\/articoli\\\/wp-content\\\/uploads\\\/2022\\\/06\\\/Cattura.jpg\",\"datePublished\":\"2022-06-07T12:39:59+00:00\",\"dateModified\":\"2022-06-07T12:40:00+00:00\",\"author\":{\"@id\":\"https:\\\/\\\/www.lemporiodelleidee.it\\\/articoli\\\/#\\\/schema\\\/person\\\/73a919c9c7bb23f00a92ce23b68f8023\"},\"breadcrumb\":{\"@id\":\"https:\\\/\\\/www.lemporiodelleidee.it\\\/articoli\\\/2022\\\/06\\\/07\\\/affitto-appartamenti-campagna-toscana\\\/#breadcrumb\"},\"inLanguage\":\"it-IT\",\"potentialAction\":[{\"@type\":\"ReadAction\",\"target\":[\"https:\\\/\\\/www.lemporiodelleidee.it\\\/articoli\\\/2022\\\/06\\\/07\\\/affitto-appartamenti-campagna-toscana\\\/\"]}]},{\"@type\":\"ImageObject\",\"inLanguage\":\"it-IT\",\"@id\":\"https:\\\/\\\/www.lemporiodelleidee.it\\\/articoli\\\/2022\\\/06\\\/07\\\/affitto-appartamenti-campagna-toscana\\\/#primaryimage\",\"url\":\"https:\\\/\\\/www.lemporiodelleidee.it\\\/articoli\\\/wp-content\\\/uploads\\\/2022\\\/06\\\/Cattura.jpg\",\"contentUrl\":\"https:\\\/\\\/www.lemporiodelleidee.it\\\/articoli\\\/wp-content\\\/uploads\\\/2022\\\/06\\\/Cattura.jpg\",\"width\":699,\"height\":408,\"caption\":\"Affitto appartamenti campagna Toscana\"},{\"@type\":\"BreadcrumbList\",\"@id\":\"https:\\\/\\\/www.lemporiodelleidee.it\\\/articoli\\\/2022\\\/06\\\/07\\\/affitto-appartamenti-campagna-toscana\\\/#breadcrumb\",\"itemListElement\":[{\"@type\":\"ListItem\",\"position\":1,\"name\":\"Home\",\"item\":\"https:\\\/\\\/www.lemporiodelleidee.it\\\/articoli\\\/\"},{\"@type\":\"ListItem\",\"position\":2,\"name\":\"Affitto appartamenti campagna Toscana\"}]},{\"@type\":\"WebSite\",\"@id\":\"https:\\\/\\\/www.lemporiodelleidee.it\\\/articoli\\\/#website\",\"url\":\"https:\\\/\\\/www.lemporiodelleidee.it\\\/articoli\\\/\",\"name\":\"Emporio delle idee\",\"description\":\"I migliori siti del web\",\"potentialAction\":[{\"@type\":\"SearchAction\",\"target\":{\"@type\":\"EntryPoint\",\"urlTemplate\":\"https:\\\/\\\/www.lemporiodelleidee.it\\\/articoli\\\/?s={search_term_string}\"},\"query-input\":{\"@type\":\"PropertyValueSpecification\",\"valueRequired\":true,\"valueName\":\"search_term_string\"}}],\"inLanguage\":\"it-IT\"},{\"@type\":\"Person\",\"@id\":\"https:\\\/\\\/www.lemporiodelleidee.it\\\/articoli\\\/#\\\/schema\\\/person\\\/73a919c9c7bb23f00a92ce23b68f8023\",\"name\":\"ocirne\",\"image\":{\"@type\":\"ImageObject\",\"inLanguage\":\"it-IT\",\"@id\":\"https:\\\/\\\/secure.gravatar.com\\\/avatar\\\/f072f13a935e1f817dbf02b3cfb832272e90062857af4be4f54bdca75587384c?s=96&d=mm&r=g\",\"url\":\"https:\\\/\\\/secure.gravatar.com\\\/avatar\\\/f072f13a935e1f817dbf02b3cfb832272e90062857af4be4f54bdca75587384c?s=96&d=mm&r=g\",\"contentUrl\":\"https:\\\/\\\/secure.gravatar.com\\\/avatar\\\/f072f13a935e1f817dbf02b3cfb832272e90062857af4be4f54bdca75587384c?s=96&d=mm&r=g\",\"caption\":\"ocirne\"},\"url\":\"https:\\\/\\\/www.lemporiodelleidee.it\\\/articoli\\\/author\\\/enrico\\\/\"}]}<\/script>\n<!-- \/ Yoast SEO plugin. -->","yoast_head_json":{"title":"Affitto appartamenti campagna Toscana - Emporio delle idee","robots":{"index":"index","follow":"follow","max-snippet":"max-snippet:-1","max-image-preview":"max-image-preview:large","max-video-preview":"max-video-preview:-1"},"canonical":"https:\/\/www.lemporiodelleidee.it\/articoli\/2022\/06\/07\/affitto-appartamenti-campagna-toscana\/","og_locale":"it_IT","og_type":"article","og_title":"Affitto appartamenti campagna Toscana - Emporio delle idee","og_description":"Per tutti coloro che sono alla ricerca di appartamenti in affitto campagna toscana, \u00e8 logico puntare soprattutto alla zona del Mugello, ubicato nella Alta Toscana, immerso nella pace e nella tranquillit\u00e0. La facile reperibilit\u00e0 della zona permette Infatti, A tutti coloro che ricercano appartamenti in affitto Nella campagna toscana, di rilassarsi al termine di una [&hellip;]","og_url":"https:\/\/www.lemporiodelleidee.it\/articoli\/2022\/06\/07\/affitto-appartamenti-campagna-toscana\/","og_site_name":"Emporio delle idee","article_published_time":"2022-06-07T12:39:59+00:00","article_modified_time":"2022-06-07T12:40:00+00:00","og_image":[{"width":699,"height":408,"url":"https:\/\/www.lemporiodelleidee.it\/articoli\/wp-content\/uploads\/2022\/06\/Cattura.jpg","type":"image\/jpeg"}],"author":"ocirne","twitter_card":"summary_large_image","twitter_misc":{"Scritto da":"ocirne","Tempo di lettura stimato":"1 minuto"},"schema":{"@context":"https:\/\/schema.org","@graph":[{"@type":"Article","@id":"https:\/\/www.lemporiodelleidee.it\/articoli\/2022\/06\/07\/affitto-appartamenti-campagna-toscana\/#article","isPartOf":{"@id":"https:\/\/www.lemporiodelleidee.it\/articoli\/2022\/06\/07\/affitto-appartamenti-campagna-toscana\/"},"author":{"name":"ocirne","@id":"https:\/\/www.lemporiodelleidee.it\/articoli\/#\/schema\/person\/73a919c9c7bb23f00a92ce23b68f8023"},"headline":"Affitto appartamenti campagna Toscana","datePublished":"2022-06-07T12:39:59+00:00","dateModified":"2022-06-07T12:40:00+00:00","mainEntityOfPage":{"@id":"https:\/\/www.lemporiodelleidee.it\/articoli\/2022\/06\/07\/affitto-appartamenti-campagna-toscana\/"},"wordCount":141,"image":{"@id":"https:\/\/www.lemporiodelleidee.it\/articoli\/2022\/06\/07\/affitto-appartamenti-campagna-toscana\/#primaryimage"},"thumbnailUrl":"https:\/\/www.lemporiodelleidee.it\/articoli\/wp-content\/uploads\/2022\/06\/Cattura.jpg","articleSection":["Turismo"],"inLanguage":"it-IT"},{"@type":"WebPage","@id":"https:\/\/www.lemporiodelleidee.it\/articoli\/2022\/06\/07\/affitto-appartamenti-campagna-toscana\/","url":"https:\/\/www.lemporiodelleidee.it\/articoli\/2022\/06\/07\/affitto-appartamenti-campagna-toscana\/","name":"Affitto appartamenti campagna Toscana - Emporio delle idee","isPartOf":{"@id":"https:\/\/www.lemporiodelleidee.it\/articoli\/#website"},"primaryImageOfPage":{"@id":"https:\/\/www.lemporiodelleidee.it\/articoli\/2022\/06\/07\/affitto-appartamenti-campagna-toscana\/#primaryimage"},"image":{"@id":"https:\/\/www.lemporiodelleidee.it\/articoli\/2022\/06\/07\/affitto-appartamenti-campagna-toscana\/#primaryimage"},"thumbnailUrl":"https:\/\/www.lemporiodelleidee.it\/articoli\/wp-content\/uploads\/2022\/06\/Cattura.jpg","datePublished":"2022-06-07T12:39:59+00:00","dateModified":"2022-06-07T12:40:00+00:00","author":{"@id":"https:\/\/www.lemporiodelleidee.it\/articoli\/#\/schema\/person\/73a919c9c7bb23f00a92ce23b68f8023"},"breadcrumb":{"@id":"https:\/\/www.lemporiodelleidee.it\/articoli\/2022\/06\/07\/affitto-appartamenti-campagna-toscana\/#breadcrumb"},"inLanguage":"it-IT","potentialAction":[{"@type":"ReadAction","target":["https:\/\/www.lemporiodelleidee.it\/articoli\/2022\/06\/07\/affitto-appartamenti-campagna-toscana\/"]}]},{"@type":"ImageObject","inLanguage":"it-IT","@id":"https:\/\/www.lemporiodelleidee.it\/articoli\/2022\/06\/07\/affitto-appartamenti-campagna-toscana\/#primaryimage","url":"https:\/\/www.lemporiodelleidee.it\/articoli\/wp-content\/uploads\/2022\/06\/Cattura.jpg","contentUrl":"https:\/\/www.lemporiodelleidee.it\/articoli\/wp-content\/uploads\/2022\/06\/Cattura.jpg","width":699,"height":408,"caption":"Affitto appartamenti campagna Toscana"},{"@type":"BreadcrumbList","@id":"https:\/\/www.lemporiodelleidee.it\/articoli\/2022\/06\/07\/affitto-appartamenti-campagna-toscana\/#breadcrumb","itemListElement":[{"@type":"ListItem","position":1,"name":"Home","item":"https:\/\/www.lemporiodelleidee.it\/articoli\/"},{"@type":"ListItem","position":2,"name":"Affitto appartamenti campagna Toscana"}]},{"@type":"WebSite","@id":"https:\/\/www.lemporiodelleidee.it\/articoli\/#website","url":"https:\/\/www.lemporiodelleidee.it\/articoli\/","name":"Emporio delle idee","description":"I migliori siti del web","potentialAction":[{"@type":"SearchAction","target":{"@type":"EntryPoint","urlTemplate":"https:\/\/www.lemporiodelleidee.it\/articoli\/?s={search_term_string}"},"query-input":{"@type":"PropertyValueSpecification","valueRequired":true,"valueName":"search_term_string"}}],"inLanguage":"it-IT"},{"@type":"Person","@id":"https:\/\/www.lemporiodelleidee.it\/articoli\/#\/schema\/person\/73a919c9c7bb23f00a92ce23b68f8023","name":"ocirne","image":{"@type":"ImageObject","inLanguage":"it-IT","@id":"https:\/\/secure.gravatar.com\/avatar\/f072f13a935e1f817dbf02b3cfb832272e90062857af4be4f54bdca75587384c?s=96&d=mm&r=g","url":"https:\/\/secure.gravatar.com\/avatar\/f072f13a935e1f817dbf02b3cfb832272e90062857af4be4f54bdca75587384c?s=96&d=mm&r=g","contentUrl":"https:\/\/secure.gravatar.com\/avatar\/f072f13a935e1f817dbf02b3cfb832272e90062857af4be4f54bdca75587384c?s=96&d=mm&r=g","caption":"ocirne"},"url":"https:\/\/www.lemporiodelleidee.it\/articoli\/author\/enrico\/"}]}},"_links":{"self":[{"href":"https:\/\/www.lemporiodelleidee.it\/articoli\/wp-json\/wp\/v2\/posts\/508","targetHints":{"allow":["GET"]}}],"collection":[{"href":"https:\/\/www.lemporiodelleidee.it\/articoli\/wp-json\/wp\/v2\/posts"}],"about":[{"href":"https:\/\/www.lemporiodelleidee.it\/articoli\/wp-json\/wp\/v2\/types\/post"}],"author":[{"embeddable":true,"href":"https:\/\/www.lemporiodelleidee.it\/articoli\/wp-json\/wp\/v2\/users\/2"}],"replies":[{"embeddable":true,"href":"https:\/\/www.lemporiodelleidee.it\/articoli\/wp-json\/wp\/v2\/comments?post=508"}],"version-history":[{"count":1,"href":"https:\/\/www.lemporiodelleidee.it\/articoli\/wp-json\/wp\/v2\/posts\/508\/revisions"}],"predecessor-version":[{"id":511,"href":"https:\/\/www.lemporiodelleidee.it\/articoli\/wp-json\/wp\/v2\/posts\/508\/revisions\/511"}],"wp:featuredmedia":[{"embeddable":true,"href":"https:\/\/www.lemporiodelleidee.it\/articoli\/wp-json\/wp\/v2\/media\/510"}],"wp:attachment":[{"href":"https:\/\/www.lemporiodelleidee.it\/articoli\/wp-json\/wp\/v2\/media?parent=508"}],"wp:term":[{"taxonomy":"category","embeddable":true,"href":"https:\/\/www.lemporiodelleidee.it\/articoli\/wp-json\/wp\/v2\/categories?post=508"},{"taxonomy":"post_tag","embeddable":true,"href":"https:\/\/www.lemporiodelleidee.it\/articoli\/wp-json\/wp\/v2\/tags?post=508"}],"curies":[{"name":"wp","href":"https:\/\/api.w.org\/{rel}","templated":true}]}}