{"id":636,"date":"2023-02-28T16:39:37","date_gmt":"2023-02-28T15:39:37","guid":{"rendered":"https:\/\/www.lemporiodelleidee.it\/articoli\/?p=636"},"modified":"2023-02-28T16:39:37","modified_gmt":"2023-02-28T15:39:37","slug":"pasticceria-firenze-sud","status":"publish","type":"post","link":"https:\/\/www.lemporiodelleidee.it\/articoli\/2023\/02\/28\/pasticceria-firenze-sud\/","title":{"rendered":"Pasticceria Firenze sud"},"content":{"rendered":"<div class=\"bffc8b465260131ebec72756c0b29a56\" data-index=\"1\" style=\"float: none; margin:10px 0 10px 0; text-align:center;\">\n<script async src=\"\/\/pagead2.googlesyndication.com\/pagead\/js\/adsbygoogle.js\"><\/script>\r\n<!-- laroveta -->\n<\/div>\n\n<p>in una <a href=\"https:\/\/www.pasticceriacappelli.com\/\" target=\"_blank\" rel=\"noreferrer noopener\">pasticceria Firenze sud<\/a> si possono degustare numerosi dolci tipici della pasticceria Fiorentina che da sempre vanta una elevata tradizione nella produzione diretta di dolci succulenti.<br>del resto lo si sa, la citt\u00e0 di Firenze \u00e8 una delle citt\u00e0 pi\u00f9 visitate al mondo, Grazie alla quantit\u00e0 incredibile di capolavori dell&#8217;arte e alla bellezza delle colline che la circondano, ma saremmo ingiusti se non ci soffermassimo sulle qualit\u00e0 enogastronomiche che si possono degustare a Firenze<\/p>\n\n\n\n<p> e non ci riferiamo soltanto alla bistecca alla fiorentina o alla ribollita, giusto per fare alcuni esempi della cucina tipica Toscana<\/p>\n\n\n\n<p> apprezzare i dolci di una pasticceria Firenze Sud significa rendere merito alla bont\u00e0 di questi dolci sfornati artigianalmente dai laboratori delle pasticcerie di Firenze sud, per qualsiasi tipo di evento, sia che si tratti di matrimonio che di altre cerimonie, ma anche e soprattutto per togliersi un sano sfizio, di modo da leccarsi i baffi nell&#8217;apprezzare i gustosi dolci fiorentini<\/p>\n\n<div style=\"font-size: 0px; height: 0px; line-height: 0px; margin: 0; padding: 0; clear: both;\"><\/div>","protected":false},"excerpt":{"rendered":"<p>in una pasticceria Firenze sud si possono degustare numerosi dolci tipici della pasticceria Fiorentina che da sempre vanta una elevata tradizione nella produzione diretta di dolci succulenti.del resto lo si sa, la citt\u00e0 di Firenze \u00e8 una delle citt\u00e0 pi\u00f9 visitate al mondo, Grazie alla quantit\u00e0 incredibile di capolavori dell&#8217;arte e alla bellezza delle colline [&hellip;]<\/p>\n","protected":false},"author":2,"featured_media":638,"comment_status":"closed","ping_status":"closed","sticky":false,"template":"","format":"standard","meta":{"footnotes":""},"categories":[12],"tags":[],"class_list":["post-636","post","type-post","status-publish","format-standard","has-post-thumbnail","hentry","category-prodotti-tipici"],"yoast_head":"<!-- This site is optimized with the Yoast SEO plugin v27.5 - https:\/\/yoast.com\/product\/yoast-seo-wordpress\/ -->\n<title>Pasticceria Firenze sud<\/title>\n<meta name=\"robots\" content=\"index, follow, max-snippet:-1, max-image-preview:large, max-video-preview:-1\" \/>\n<link rel=\"canonical\" href=\"https:\/\/www.lemporiodelleidee.it\/articoli\/2023\/02\/28\/pasticceria-firenze-sud\/\" \/>\n<meta property=\"og:locale\" content=\"it_IT\" \/>\n<meta property=\"og:type\" content=\"article\" \/>\n<meta property=\"og:title\" content=\"Pasticceria Firenze sud\" \/>\n<meta property=\"og:description\" content=\"in una pasticceria Firenze sud si possono degustare numerosi dolci tipici della pasticceria Fiorentina che da sempre vanta una elevata tradizione nella produzione diretta di dolci succulenti.del resto lo si sa, la citt\u00e0 di Firenze \u00e8 una delle citt\u00e0 pi\u00f9 visitate al mondo, Grazie alla quantit\u00e0 incredibile di capolavori dell&#8217;arte e alla bellezza delle colline [&hellip;]\" \/>\n<meta property=\"og:url\" content=\"https:\/\/www.lemporiodelleidee.it\/articoli\/2023\/02\/28\/pasticceria-firenze-sud\/\" \/>\n<meta property=\"og:site_name\" content=\"Emporio delle idee\" \/>\n<meta property=\"article:published_time\" content=\"2023-02-28T15:39:37+00:00\" \/>\n<meta property=\"og:image\" content=\"https:\/\/www.lemporiodelleidee.it\/articoli\/wp-content\/uploads\/2023\/02\/pasticceria-firenze-13.jpg\" \/>\n\t<meta property=\"og:image:width\" content=\"900\" \/>\n\t<meta property=\"og:image:height\" content=\"599\" \/>\n\t<meta property=\"og:image:type\" content=\"image\/jpeg\" \/>\n<meta name=\"author\" content=\"ocirne\" \/>\n<meta name=\"twitter:card\" content=\"summary_large_image\" \/>\n<meta name=\"twitter:label1\" content=\"Scritto da\" \/>\n\t<meta name=\"twitter:data1\" content=\"ocirne\" \/>\n\t<meta name=\"twitter:label2\" content=\"Tempo di lettura stimato\" \/>\n\t<meta name=\"twitter:data2\" content=\"1 minuto\" \/>\n<script type=\"application\/ld+json\" class=\"yoast-schema-graph\">{\"@context\":\"https:\\\/\\\/schema.org\",\"@graph\":[{\"@type\":\"Article\",\"@id\":\"https:\\\/\\\/www.lemporiodelleidee.it\\\/articoli\\\/2023\\\/02\\\/28\\\/pasticceria-firenze-sud\\\/#article\",\"isPartOf\":{\"@id\":\"https:\\\/\\\/www.lemporiodelleidee.it\\\/articoli\\\/2023\\\/02\\\/28\\\/pasticceria-firenze-sud\\\/\"},\"author\":{\"name\":\"ocirne\",\"@id\":\"https:\\\/\\\/www.lemporiodelleidee.it\\\/articoli\\\/#\\\/schema\\\/person\\\/73a919c9c7bb23f00a92ce23b68f8023\"},\"headline\":\"Pasticceria Firenze sud\",\"datePublished\":\"2023-02-28T15:39:37+00:00\",\"mainEntityOfPage\":{\"@id\":\"https:\\\/\\\/www.lemporiodelleidee.it\\\/articoli\\\/2023\\\/02\\\/28\\\/pasticceria-firenze-sud\\\/\"},\"wordCount\":158,\"image\":{\"@id\":\"https:\\\/\\\/www.lemporiodelleidee.it\\\/articoli\\\/2023\\\/02\\\/28\\\/pasticceria-firenze-sud\\\/#primaryimage\"},\"thumbnailUrl\":\"https:\\\/\\\/www.lemporiodelleidee.it\\\/articoli\\\/wp-content\\\/uploads\\\/2023\\\/02\\\/pasticceria-firenze-13.jpg\",\"articleSection\":[\"Prodotti tipici\"],\"inLanguage\":\"it-IT\"},{\"@type\":\"WebPage\",\"@id\":\"https:\\\/\\\/www.lemporiodelleidee.it\\\/articoli\\\/2023\\\/02\\\/28\\\/pasticceria-firenze-sud\\\/\",\"url\":\"https:\\\/\\\/www.lemporiodelleidee.it\\\/articoli\\\/2023\\\/02\\\/28\\\/pasticceria-firenze-sud\\\/\",\"name\":\"Pasticceria Firenze sud\",\"isPartOf\":{\"@id\":\"https:\\\/\\\/www.lemporiodelleidee.it\\\/articoli\\\/#website\"},\"primaryImageOfPage\":{\"@id\":\"https:\\\/\\\/www.lemporiodelleidee.it\\\/articoli\\\/2023\\\/02\\\/28\\\/pasticceria-firenze-sud\\\/#primaryimage\"},\"image\":{\"@id\":\"https:\\\/\\\/www.lemporiodelleidee.it\\\/articoli\\\/2023\\\/02\\\/28\\\/pasticceria-firenze-sud\\\/#primaryimage\"},\"thumbnailUrl\":\"https:\\\/\\\/www.lemporiodelleidee.it\\\/articoli\\\/wp-content\\\/uploads\\\/2023\\\/02\\\/pasticceria-firenze-13.jpg\",\"datePublished\":\"2023-02-28T15:39:37+00:00\",\"author\":{\"@id\":\"https:\\\/\\\/www.lemporiodelleidee.it\\\/articoli\\\/#\\\/schema\\\/person\\\/73a919c9c7bb23f00a92ce23b68f8023\"},\"breadcrumb\":{\"@id\":\"https:\\\/\\\/www.lemporiodelleidee.it\\\/articoli\\\/2023\\\/02\\\/28\\\/pasticceria-firenze-sud\\\/#breadcrumb\"},\"inLanguage\":\"it-IT\",\"potentialAction\":[{\"@type\":\"ReadAction\",\"target\":[\"https:\\\/\\\/www.lemporiodelleidee.it\\\/articoli\\\/2023\\\/02\\\/28\\\/pasticceria-firenze-sud\\\/\"]}]},{\"@type\":\"ImageObject\",\"inLanguage\":\"it-IT\",\"@id\":\"https:\\\/\\\/www.lemporiodelleidee.it\\\/articoli\\\/2023\\\/02\\\/28\\\/pasticceria-firenze-sud\\\/#primaryimage\",\"url\":\"https:\\\/\\\/www.lemporiodelleidee.it\\\/articoli\\\/wp-content\\\/uploads\\\/2023\\\/02\\\/pasticceria-firenze-13.jpg\",\"contentUrl\":\"https:\\\/\\\/www.lemporiodelleidee.it\\\/articoli\\\/wp-content\\\/uploads\\\/2023\\\/02\\\/pasticceria-firenze-13.jpg\",\"width\":900,\"height\":599,\"caption\":\"Pasticceria Firenze sud\"},{\"@type\":\"BreadcrumbList\",\"@id\":\"https:\\\/\\\/www.lemporiodelleidee.it\\\/articoli\\\/2023\\\/02\\\/28\\\/pasticceria-firenze-sud\\\/#breadcrumb\",\"itemListElement\":[{\"@type\":\"ListItem\",\"position\":1,\"name\":\"Home\",\"item\":\"https:\\\/\\\/www.lemporiodelleidee.it\\\/articoli\\\/\"},{\"@type\":\"ListItem\",\"position\":2,\"name\":\"Pasticceria Firenze sud\"}]},{\"@type\":\"WebSite\",\"@id\":\"https:\\\/\\\/www.lemporiodelleidee.it\\\/articoli\\\/#website\",\"url\":\"https:\\\/\\\/www.lemporiodelleidee.it\\\/articoli\\\/\",\"name\":\"Emporio delle idee\",\"description\":\"I migliori siti del web\",\"potentialAction\":[{\"@type\":\"SearchAction\",\"target\":{\"@type\":\"EntryPoint\",\"urlTemplate\":\"https:\\\/\\\/www.lemporiodelleidee.it\\\/articoli\\\/?s={search_term_string}\"},\"query-input\":{\"@type\":\"PropertyValueSpecification\",\"valueRequired\":true,\"valueName\":\"search_term_string\"}}],\"inLanguage\":\"it-IT\"},{\"@type\":\"Person\",\"@id\":\"https:\\\/\\\/www.lemporiodelleidee.it\\\/articoli\\\/#\\\/schema\\\/person\\\/73a919c9c7bb23f00a92ce23b68f8023\",\"name\":\"ocirne\",\"image\":{\"@type\":\"ImageObject\",\"inLanguage\":\"it-IT\",\"@id\":\"https:\\\/\\\/secure.gravatar.com\\\/avatar\\\/f072f13a935e1f817dbf02b3cfb832272e90062857af4be4f54bdca75587384c?s=96&d=mm&r=g\",\"url\":\"https:\\\/\\\/secure.gravatar.com\\\/avatar\\\/f072f13a935e1f817dbf02b3cfb832272e90062857af4be4f54bdca75587384c?s=96&d=mm&r=g\",\"contentUrl\":\"https:\\\/\\\/secure.gravatar.com\\\/avatar\\\/f072f13a935e1f817dbf02b3cfb832272e90062857af4be4f54bdca75587384c?s=96&d=mm&r=g\",\"caption\":\"ocirne\"},\"url\":\"https:\\\/\\\/www.lemporiodelleidee.it\\\/articoli\\\/author\\\/enrico\\\/\"}]}<\/script>\n<!-- \/ Yoast SEO plugin. -->","yoast_head_json":{"title":"Pasticceria Firenze sud","robots":{"index":"index","follow":"follow","max-snippet":"max-snippet:-1","max-image-preview":"max-image-preview:large","max-video-preview":"max-video-preview:-1"},"canonical":"https:\/\/www.lemporiodelleidee.it\/articoli\/2023\/02\/28\/pasticceria-firenze-sud\/","og_locale":"it_IT","og_type":"article","og_title":"Pasticceria Firenze sud","og_description":"in una pasticceria Firenze sud si possono degustare numerosi dolci tipici della pasticceria Fiorentina che da sempre vanta una elevata tradizione nella produzione diretta di dolci succulenti.del resto lo si sa, la citt\u00e0 di Firenze \u00e8 una delle citt\u00e0 pi\u00f9 visitate al mondo, Grazie alla quantit\u00e0 incredibile di capolavori dell&#8217;arte e alla bellezza delle colline [&hellip;]","og_url":"https:\/\/www.lemporiodelleidee.it\/articoli\/2023\/02\/28\/pasticceria-firenze-sud\/","og_site_name":"Emporio delle idee","article_published_time":"2023-02-28T15:39:37+00:00","og_image":[{"width":900,"height":599,"url":"https:\/\/www.lemporiodelleidee.it\/articoli\/wp-content\/uploads\/2023\/02\/pasticceria-firenze-13.jpg","type":"image\/jpeg"}],"author":"ocirne","twitter_card":"summary_large_image","twitter_misc":{"Scritto da":"ocirne","Tempo di lettura stimato":"1 minuto"},"schema":{"@context":"https:\/\/schema.org","@graph":[{"@type":"Article","@id":"https:\/\/www.lemporiodelleidee.it\/articoli\/2023\/02\/28\/pasticceria-firenze-sud\/#article","isPartOf":{"@id":"https:\/\/www.lemporiodelleidee.it\/articoli\/2023\/02\/28\/pasticceria-firenze-sud\/"},"author":{"name":"ocirne","@id":"https:\/\/www.lemporiodelleidee.it\/articoli\/#\/schema\/person\/73a919c9c7bb23f00a92ce23b68f8023"},"headline":"Pasticceria Firenze sud","datePublished":"2023-02-28T15:39:37+00:00","mainEntityOfPage":{"@id":"https:\/\/www.lemporiodelleidee.it\/articoli\/2023\/02\/28\/pasticceria-firenze-sud\/"},"wordCount":158,"image":{"@id":"https:\/\/www.lemporiodelleidee.it\/articoli\/2023\/02\/28\/pasticceria-firenze-sud\/#primaryimage"},"thumbnailUrl":"https:\/\/www.lemporiodelleidee.it\/articoli\/wp-content\/uploads\/2023\/02\/pasticceria-firenze-13.jpg","articleSection":["Prodotti tipici"],"inLanguage":"it-IT"},{"@type":"WebPage","@id":"https:\/\/www.lemporiodelleidee.it\/articoli\/2023\/02\/28\/pasticceria-firenze-sud\/","url":"https:\/\/www.lemporiodelleidee.it\/articoli\/2023\/02\/28\/pasticceria-firenze-sud\/","name":"Pasticceria Firenze sud","isPartOf":{"@id":"https:\/\/www.lemporiodelleidee.it\/articoli\/#website"},"primaryImageOfPage":{"@id":"https:\/\/www.lemporiodelleidee.it\/articoli\/2023\/02\/28\/pasticceria-firenze-sud\/#primaryimage"},"image":{"@id":"https:\/\/www.lemporiodelleidee.it\/articoli\/2023\/02\/28\/pasticceria-firenze-sud\/#primaryimage"},"thumbnailUrl":"https:\/\/www.lemporiodelleidee.it\/articoli\/wp-content\/uploads\/2023\/02\/pasticceria-firenze-13.jpg","datePublished":"2023-02-28T15:39:37+00:00","author":{"@id":"https:\/\/www.lemporiodelleidee.it\/articoli\/#\/schema\/person\/73a919c9c7bb23f00a92ce23b68f8023"},"breadcrumb":{"@id":"https:\/\/www.lemporiodelleidee.it\/articoli\/2023\/02\/28\/pasticceria-firenze-sud\/#breadcrumb"},"inLanguage":"it-IT","potentialAction":[{"@type":"ReadAction","target":["https:\/\/www.lemporiodelleidee.it\/articoli\/2023\/02\/28\/pasticceria-firenze-sud\/"]}]},{"@type":"ImageObject","inLanguage":"it-IT","@id":"https:\/\/www.lemporiodelleidee.it\/articoli\/2023\/02\/28\/pasticceria-firenze-sud\/#primaryimage","url":"https:\/\/www.lemporiodelleidee.it\/articoli\/wp-content\/uploads\/2023\/02\/pasticceria-firenze-13.jpg","contentUrl":"https:\/\/www.lemporiodelleidee.it\/articoli\/wp-content\/uploads\/2023\/02\/pasticceria-firenze-13.jpg","width":900,"height":599,"caption":"Pasticceria Firenze sud"},{"@type":"BreadcrumbList","@id":"https:\/\/www.lemporiodelleidee.it\/articoli\/2023\/02\/28\/pasticceria-firenze-sud\/#breadcrumb","itemListElement":[{"@type":"ListItem","position":1,"name":"Home","item":"https:\/\/www.lemporiodelleidee.it\/articoli\/"},{"@type":"ListItem","position":2,"name":"Pasticceria Firenze sud"}]},{"@type":"WebSite","@id":"https:\/\/www.lemporiodelleidee.it\/articoli\/#website","url":"https:\/\/www.lemporiodelleidee.it\/articoli\/","name":"Emporio delle idee","description":"I migliori siti del web","potentialAction":[{"@type":"SearchAction","target":{"@type":"EntryPoint","urlTemplate":"https:\/\/www.lemporiodelleidee.it\/articoli\/?s={search_term_string}"},"query-input":{"@type":"PropertyValueSpecification","valueRequired":true,"valueName":"search_term_string"}}],"inLanguage":"it-IT"},{"@type":"Person","@id":"https:\/\/www.lemporiodelleidee.it\/articoli\/#\/schema\/person\/73a919c9c7bb23f00a92ce23b68f8023","name":"ocirne","image":{"@type":"ImageObject","inLanguage":"it-IT","@id":"https:\/\/secure.gravatar.com\/avatar\/f072f13a935e1f817dbf02b3cfb832272e90062857af4be4f54bdca75587384c?s=96&d=mm&r=g","url":"https:\/\/secure.gravatar.com\/avatar\/f072f13a935e1f817dbf02b3cfb832272e90062857af4be4f54bdca75587384c?s=96&d=mm&r=g","contentUrl":"https:\/\/secure.gravatar.com\/avatar\/f072f13a935e1f817dbf02b3cfb832272e90062857af4be4f54bdca75587384c?s=96&d=mm&r=g","caption":"ocirne"},"url":"https:\/\/www.lemporiodelleidee.it\/articoli\/author\/enrico\/"}]}},"_links":{"self":[{"href":"https:\/\/www.lemporiodelleidee.it\/articoli\/wp-json\/wp\/v2\/posts\/636","targetHints":{"allow":["GET"]}}],"collection":[{"href":"https:\/\/www.lemporiodelleidee.it\/articoli\/wp-json\/wp\/v2\/posts"}],"about":[{"href":"https:\/\/www.lemporiodelleidee.it\/articoli\/wp-json\/wp\/v2\/types\/post"}],"author":[{"embeddable":true,"href":"https:\/\/www.lemporiodelleidee.it\/articoli\/wp-json\/wp\/v2\/users\/2"}],"replies":[{"embeddable":true,"href":"https:\/\/www.lemporiodelleidee.it\/articoli\/wp-json\/wp\/v2\/comments?post=636"}],"version-history":[{"count":1,"href":"https:\/\/www.lemporiodelleidee.it\/articoli\/wp-json\/wp\/v2\/posts\/636\/revisions"}],"predecessor-version":[{"id":639,"href":"https:\/\/www.lemporiodelleidee.it\/articoli\/wp-json\/wp\/v2\/posts\/636\/revisions\/639"}],"wp:featuredmedia":[{"embeddable":true,"href":"https:\/\/www.lemporiodelleidee.it\/articoli\/wp-json\/wp\/v2\/media\/638"}],"wp:attachment":[{"href":"https:\/\/www.lemporiodelleidee.it\/articoli\/wp-json\/wp\/v2\/media?parent=636"}],"wp:term":[{"taxonomy":"category","embeddable":true,"href":"https:\/\/www.lemporiodelleidee.it\/articoli\/wp-json\/wp\/v2\/categories?post=636"},{"taxonomy":"post_tag","embeddable":true,"href":"https:\/\/www.lemporiodelleidee.it\/articoli\/wp-json\/wp\/v2\/tags?post=636"}],"curies":[{"name":"wp","href":"https:\/\/api.w.org\/{rel}","templated":true}]}}