{"id":641,"date":"2023-03-08T15:18:13","date_gmt":"2023-03-08T14:18:13","guid":{"rendered":"https:\/\/www.lemporiodelleidee.it\/articoli\/?p=641"},"modified":"2023-03-08T15:18:14","modified_gmt":"2023-03-08T14:18:14","slug":"noleggio-furgoni-firenze","status":"publish","type":"post","link":"https:\/\/www.lemporiodelleidee.it\/articoli\/2023\/03\/08\/noleggio-furgoni-firenze\/","title":{"rendered":"Noleggio furgoni Firenze"},"content":{"rendered":"<div class=\"bffc8b465260131ebec72756c0b29a56\" data-index=\"1\" style=\"float: none; margin:10px 0 10px 0; text-align:center;\">\n<script async src=\"\/\/pagead2.googlesyndication.com\/pagead\/js\/adsbygoogle.js\"><\/script>\r\n<!-- laroveta -->\n<\/div>\n\n<p>il servizio di <a href=\"https:\/\/www.rossirent.com\/\" target=\"_blank\" rel=\"noreferrer noopener\">noleggio furgoni Firenze<\/a> \u00e8 di un&#8217; utilit\u00e0 di pubblico dominio.<br>poter noleggiare Infatti un mezzo di ampie dimensioni permette una molteplicit\u00e0 di intenti da portare a destinazione.<br>sicuramente l&#8217;utilit\u00e0 Maggiore pu\u00f2 essere quella di effettuare piccoli traslochi ovviamente poggiandosi sull&#8217;aiuto di amici fedeli oltre che Robusti, ma noleggiare un furgone a Firenze significa anche trasportare materiale ingombrante presso le apposite discariche, spostare da una citt\u00e0 all&#8217;altra una certa quantit\u00e0 di prodotti consegnandoli a destinazione come olive al frantoio, marmellata di produzione propria ad un mercato rionale, oggetti di antiquariato al rigattiere pi\u00f9 vicino.<br>oggi ci sono molte aziende che professionalmente effettuano un servizio di noleggio furgoni a Firenze e che collaborano con aziende con privati anche senza la necessit\u00e0 di una carta di credito o di un deposito cauzionale cos\u00ec da agevolare il noleggio del furgone<\/p>\n\n<div style=\"font-size: 0px; height: 0px; line-height: 0px; margin: 0; padding: 0; clear: both;\"><\/div>","protected":false},"excerpt":{"rendered":"<p>il servizio di noleggio furgoni Firenze \u00e8 di un&#8217; utilit\u00e0 di pubblico dominio.poter noleggiare Infatti un mezzo di ampie dimensioni permette una molteplicit\u00e0 di intenti da portare a destinazione.sicuramente l&#8217;utilit\u00e0 Maggiore pu\u00f2 essere quella di effettuare piccoli traslochi ovviamente poggiandosi sull&#8217;aiuto di amici fedeli oltre che Robusti, ma noleggiare un furgone a Firenze significa anche [&hellip;]<\/p>\n","protected":false},"author":2,"featured_media":643,"comment_status":"closed","ping_status":"closed","sticky":false,"template":"","format":"standard","meta":{"footnotes":""},"categories":[4],"tags":[],"class_list":["post-641","post","type-post","status-publish","format-standard","has-post-thumbnail","hentry","category-aziende"],"yoast_head":"<!-- This site is optimized with the Yoast SEO plugin v27.5 - https:\/\/yoast.com\/product\/yoast-seo-wordpress\/ -->\n<title>Noleggio furgoni Firenze<\/title>\n<meta name=\"robots\" content=\"index, follow, max-snippet:-1, max-image-preview:large, max-video-preview:-1\" \/>\n<link rel=\"canonical\" href=\"https:\/\/www.lemporiodelleidee.it\/articoli\/2023\/03\/08\/noleggio-furgoni-firenze\/\" \/>\n<meta property=\"og:locale\" content=\"it_IT\" \/>\n<meta property=\"og:type\" content=\"article\" \/>\n<meta property=\"og:title\" content=\"Noleggio furgoni Firenze\" \/>\n<meta property=\"og:description\" content=\"il servizio di noleggio furgoni Firenze \u00e8 di un&#8217; utilit\u00e0 di pubblico dominio.poter noleggiare Infatti un mezzo di ampie dimensioni permette una molteplicit\u00e0 di intenti da portare a destinazione.sicuramente l&#8217;utilit\u00e0 Maggiore pu\u00f2 essere quella di effettuare piccoli traslochi ovviamente poggiandosi sull&#8217;aiuto di amici fedeli oltre che Robusti, ma noleggiare un furgone a Firenze significa anche [&hellip;]\" \/>\n<meta property=\"og:url\" content=\"https:\/\/www.lemporiodelleidee.it\/articoli\/2023\/03\/08\/noleggio-furgoni-firenze\/\" \/>\n<meta property=\"og:site_name\" content=\"Emporio delle idee\" \/>\n<meta property=\"article:published_time\" content=\"2023-03-08T14:18:13+00:00\" \/>\n<meta property=\"article:modified_time\" content=\"2023-03-08T14:18:14+00:00\" \/>\n<meta property=\"og:image\" content=\"https:\/\/www.lemporiodelleidee.it\/articoli\/wp-content\/uploads\/2023\/03\/Immagine-2023-03-08-150754.jpg\" \/>\n\t<meta property=\"og:image:width\" content=\"940\" \/>\n\t<meta property=\"og:image:height\" content=\"542\" \/>\n\t<meta property=\"og:image:type\" content=\"image\/jpeg\" \/>\n<meta name=\"author\" content=\"ocirne\" \/>\n<meta name=\"twitter:card\" content=\"summary_large_image\" \/>\n<meta name=\"twitter:label1\" content=\"Scritto da\" \/>\n\t<meta name=\"twitter:data1\" content=\"ocirne\" \/>\n\t<meta name=\"twitter:label2\" content=\"Tempo di lettura stimato\" \/>\n\t<meta name=\"twitter:data2\" content=\"1 minuto\" \/>\n<script type=\"application\/ld+json\" class=\"yoast-schema-graph\">{\"@context\":\"https:\\\/\\\/schema.org\",\"@graph\":[{\"@type\":\"Article\",\"@id\":\"https:\\\/\\\/www.lemporiodelleidee.it\\\/articoli\\\/2023\\\/03\\\/08\\\/noleggio-furgoni-firenze\\\/#article\",\"isPartOf\":{\"@id\":\"https:\\\/\\\/www.lemporiodelleidee.it\\\/articoli\\\/2023\\\/03\\\/08\\\/noleggio-furgoni-firenze\\\/\"},\"author\":{\"name\":\"ocirne\",\"@id\":\"https:\\\/\\\/www.lemporiodelleidee.it\\\/articoli\\\/#\\\/schema\\\/person\\\/73a919c9c7bb23f00a92ce23b68f8023\"},\"headline\":\"Noleggio furgoni Firenze\",\"datePublished\":\"2023-03-08T14:18:13+00:00\",\"dateModified\":\"2023-03-08T14:18:14+00:00\",\"mainEntityOfPage\":{\"@id\":\"https:\\\/\\\/www.lemporiodelleidee.it\\\/articoli\\\/2023\\\/03\\\/08\\\/noleggio-furgoni-firenze\\\/\"},\"wordCount\":141,\"image\":{\"@id\":\"https:\\\/\\\/www.lemporiodelleidee.it\\\/articoli\\\/2023\\\/03\\\/08\\\/noleggio-furgoni-firenze\\\/#primaryimage\"},\"thumbnailUrl\":\"https:\\\/\\\/www.lemporiodelleidee.it\\\/articoli\\\/wp-content\\\/uploads\\\/2023\\\/03\\\/Immagine-2023-03-08-150754.jpg\",\"articleSection\":[\"Aziende\"],\"inLanguage\":\"it-IT\"},{\"@type\":\"WebPage\",\"@id\":\"https:\\\/\\\/www.lemporiodelleidee.it\\\/articoli\\\/2023\\\/03\\\/08\\\/noleggio-furgoni-firenze\\\/\",\"url\":\"https:\\\/\\\/www.lemporiodelleidee.it\\\/articoli\\\/2023\\\/03\\\/08\\\/noleggio-furgoni-firenze\\\/\",\"name\":\"Noleggio furgoni Firenze\",\"isPartOf\":{\"@id\":\"https:\\\/\\\/www.lemporiodelleidee.it\\\/articoli\\\/#website\"},\"primaryImageOfPage\":{\"@id\":\"https:\\\/\\\/www.lemporiodelleidee.it\\\/articoli\\\/2023\\\/03\\\/08\\\/noleggio-furgoni-firenze\\\/#primaryimage\"},\"image\":{\"@id\":\"https:\\\/\\\/www.lemporiodelleidee.it\\\/articoli\\\/2023\\\/03\\\/08\\\/noleggio-furgoni-firenze\\\/#primaryimage\"},\"thumbnailUrl\":\"https:\\\/\\\/www.lemporiodelleidee.it\\\/articoli\\\/wp-content\\\/uploads\\\/2023\\\/03\\\/Immagine-2023-03-08-150754.jpg\",\"datePublished\":\"2023-03-08T14:18:13+00:00\",\"dateModified\":\"2023-03-08T14:18:14+00:00\",\"author\":{\"@id\":\"https:\\\/\\\/www.lemporiodelleidee.it\\\/articoli\\\/#\\\/schema\\\/person\\\/73a919c9c7bb23f00a92ce23b68f8023\"},\"breadcrumb\":{\"@id\":\"https:\\\/\\\/www.lemporiodelleidee.it\\\/articoli\\\/2023\\\/03\\\/08\\\/noleggio-furgoni-firenze\\\/#breadcrumb\"},\"inLanguage\":\"it-IT\",\"potentialAction\":[{\"@type\":\"ReadAction\",\"target\":[\"https:\\\/\\\/www.lemporiodelleidee.it\\\/articoli\\\/2023\\\/03\\\/08\\\/noleggio-furgoni-firenze\\\/\"]}]},{\"@type\":\"ImageObject\",\"inLanguage\":\"it-IT\",\"@id\":\"https:\\\/\\\/www.lemporiodelleidee.it\\\/articoli\\\/2023\\\/03\\\/08\\\/noleggio-furgoni-firenze\\\/#primaryimage\",\"url\":\"https:\\\/\\\/www.lemporiodelleidee.it\\\/articoli\\\/wp-content\\\/uploads\\\/2023\\\/03\\\/Immagine-2023-03-08-150754.jpg\",\"contentUrl\":\"https:\\\/\\\/www.lemporiodelleidee.it\\\/articoli\\\/wp-content\\\/uploads\\\/2023\\\/03\\\/Immagine-2023-03-08-150754.jpg\",\"width\":940,\"height\":542,\"caption\":\"Noleggio furgoni Firenze\"},{\"@type\":\"BreadcrumbList\",\"@id\":\"https:\\\/\\\/www.lemporiodelleidee.it\\\/articoli\\\/2023\\\/03\\\/08\\\/noleggio-furgoni-firenze\\\/#breadcrumb\",\"itemListElement\":[{\"@type\":\"ListItem\",\"position\":1,\"name\":\"Home\",\"item\":\"https:\\\/\\\/www.lemporiodelleidee.it\\\/articoli\\\/\"},{\"@type\":\"ListItem\",\"position\":2,\"name\":\"Noleggio furgoni Firenze\"}]},{\"@type\":\"WebSite\",\"@id\":\"https:\\\/\\\/www.lemporiodelleidee.it\\\/articoli\\\/#website\",\"url\":\"https:\\\/\\\/www.lemporiodelleidee.it\\\/articoli\\\/\",\"name\":\"Emporio delle idee\",\"description\":\"I migliori siti del web\",\"potentialAction\":[{\"@type\":\"SearchAction\",\"target\":{\"@type\":\"EntryPoint\",\"urlTemplate\":\"https:\\\/\\\/www.lemporiodelleidee.it\\\/articoli\\\/?s={search_term_string}\"},\"query-input\":{\"@type\":\"PropertyValueSpecification\",\"valueRequired\":true,\"valueName\":\"search_term_string\"}}],\"inLanguage\":\"it-IT\"},{\"@type\":\"Person\",\"@id\":\"https:\\\/\\\/www.lemporiodelleidee.it\\\/articoli\\\/#\\\/schema\\\/person\\\/73a919c9c7bb23f00a92ce23b68f8023\",\"name\":\"ocirne\",\"image\":{\"@type\":\"ImageObject\",\"inLanguage\":\"it-IT\",\"@id\":\"https:\\\/\\\/secure.gravatar.com\\\/avatar\\\/f072f13a935e1f817dbf02b3cfb832272e90062857af4be4f54bdca75587384c?s=96&d=mm&r=g\",\"url\":\"https:\\\/\\\/secure.gravatar.com\\\/avatar\\\/f072f13a935e1f817dbf02b3cfb832272e90062857af4be4f54bdca75587384c?s=96&d=mm&r=g\",\"contentUrl\":\"https:\\\/\\\/secure.gravatar.com\\\/avatar\\\/f072f13a935e1f817dbf02b3cfb832272e90062857af4be4f54bdca75587384c?s=96&d=mm&r=g\",\"caption\":\"ocirne\"},\"url\":\"https:\\\/\\\/www.lemporiodelleidee.it\\\/articoli\\\/author\\\/enrico\\\/\"}]}<\/script>\n<!-- \/ Yoast SEO plugin. -->","yoast_head_json":{"title":"Noleggio furgoni Firenze","robots":{"index":"index","follow":"follow","max-snippet":"max-snippet:-1","max-image-preview":"max-image-preview:large","max-video-preview":"max-video-preview:-1"},"canonical":"https:\/\/www.lemporiodelleidee.it\/articoli\/2023\/03\/08\/noleggio-furgoni-firenze\/","og_locale":"it_IT","og_type":"article","og_title":"Noleggio furgoni Firenze","og_description":"il servizio di noleggio furgoni Firenze \u00e8 di un&#8217; utilit\u00e0 di pubblico dominio.poter noleggiare Infatti un mezzo di ampie dimensioni permette una molteplicit\u00e0 di intenti da portare a destinazione.sicuramente l&#8217;utilit\u00e0 Maggiore pu\u00f2 essere quella di effettuare piccoli traslochi ovviamente poggiandosi sull&#8217;aiuto di amici fedeli oltre che Robusti, ma noleggiare un furgone a Firenze significa anche [&hellip;]","og_url":"https:\/\/www.lemporiodelleidee.it\/articoli\/2023\/03\/08\/noleggio-furgoni-firenze\/","og_site_name":"Emporio delle idee","article_published_time":"2023-03-08T14:18:13+00:00","article_modified_time":"2023-03-08T14:18:14+00:00","og_image":[{"width":940,"height":542,"url":"https:\/\/www.lemporiodelleidee.it\/articoli\/wp-content\/uploads\/2023\/03\/Immagine-2023-03-08-150754.jpg","type":"image\/jpeg"}],"author":"ocirne","twitter_card":"summary_large_image","twitter_misc":{"Scritto da":"ocirne","Tempo di lettura stimato":"1 minuto"},"schema":{"@context":"https:\/\/schema.org","@graph":[{"@type":"Article","@id":"https:\/\/www.lemporiodelleidee.it\/articoli\/2023\/03\/08\/noleggio-furgoni-firenze\/#article","isPartOf":{"@id":"https:\/\/www.lemporiodelleidee.it\/articoli\/2023\/03\/08\/noleggio-furgoni-firenze\/"},"author":{"name":"ocirne","@id":"https:\/\/www.lemporiodelleidee.it\/articoli\/#\/schema\/person\/73a919c9c7bb23f00a92ce23b68f8023"},"headline":"Noleggio furgoni Firenze","datePublished":"2023-03-08T14:18:13+00:00","dateModified":"2023-03-08T14:18:14+00:00","mainEntityOfPage":{"@id":"https:\/\/www.lemporiodelleidee.it\/articoli\/2023\/03\/08\/noleggio-furgoni-firenze\/"},"wordCount":141,"image":{"@id":"https:\/\/www.lemporiodelleidee.it\/articoli\/2023\/03\/08\/noleggio-furgoni-firenze\/#primaryimage"},"thumbnailUrl":"https:\/\/www.lemporiodelleidee.it\/articoli\/wp-content\/uploads\/2023\/03\/Immagine-2023-03-08-150754.jpg","articleSection":["Aziende"],"inLanguage":"it-IT"},{"@type":"WebPage","@id":"https:\/\/www.lemporiodelleidee.it\/articoli\/2023\/03\/08\/noleggio-furgoni-firenze\/","url":"https:\/\/www.lemporiodelleidee.it\/articoli\/2023\/03\/08\/noleggio-furgoni-firenze\/","name":"Noleggio furgoni Firenze","isPartOf":{"@id":"https:\/\/www.lemporiodelleidee.it\/articoli\/#website"},"primaryImageOfPage":{"@id":"https:\/\/www.lemporiodelleidee.it\/articoli\/2023\/03\/08\/noleggio-furgoni-firenze\/#primaryimage"},"image":{"@id":"https:\/\/www.lemporiodelleidee.it\/articoli\/2023\/03\/08\/noleggio-furgoni-firenze\/#primaryimage"},"thumbnailUrl":"https:\/\/www.lemporiodelleidee.it\/articoli\/wp-content\/uploads\/2023\/03\/Immagine-2023-03-08-150754.jpg","datePublished":"2023-03-08T14:18:13+00:00","dateModified":"2023-03-08T14:18:14+00:00","author":{"@id":"https:\/\/www.lemporiodelleidee.it\/articoli\/#\/schema\/person\/73a919c9c7bb23f00a92ce23b68f8023"},"breadcrumb":{"@id":"https:\/\/www.lemporiodelleidee.it\/articoli\/2023\/03\/08\/noleggio-furgoni-firenze\/#breadcrumb"},"inLanguage":"it-IT","potentialAction":[{"@type":"ReadAction","target":["https:\/\/www.lemporiodelleidee.it\/articoli\/2023\/03\/08\/noleggio-furgoni-firenze\/"]}]},{"@type":"ImageObject","inLanguage":"it-IT","@id":"https:\/\/www.lemporiodelleidee.it\/articoli\/2023\/03\/08\/noleggio-furgoni-firenze\/#primaryimage","url":"https:\/\/www.lemporiodelleidee.it\/articoli\/wp-content\/uploads\/2023\/03\/Immagine-2023-03-08-150754.jpg","contentUrl":"https:\/\/www.lemporiodelleidee.it\/articoli\/wp-content\/uploads\/2023\/03\/Immagine-2023-03-08-150754.jpg","width":940,"height":542,"caption":"Noleggio furgoni Firenze"},{"@type":"BreadcrumbList","@id":"https:\/\/www.lemporiodelleidee.it\/articoli\/2023\/03\/08\/noleggio-furgoni-firenze\/#breadcrumb","itemListElement":[{"@type":"ListItem","position":1,"name":"Home","item":"https:\/\/www.lemporiodelleidee.it\/articoli\/"},{"@type":"ListItem","position":2,"name":"Noleggio furgoni Firenze"}]},{"@type":"WebSite","@id":"https:\/\/www.lemporiodelleidee.it\/articoli\/#website","url":"https:\/\/www.lemporiodelleidee.it\/articoli\/","name":"Emporio delle idee","description":"I migliori siti del web","potentialAction":[{"@type":"SearchAction","target":{"@type":"EntryPoint","urlTemplate":"https:\/\/www.lemporiodelleidee.it\/articoli\/?s={search_term_string}"},"query-input":{"@type":"PropertyValueSpecification","valueRequired":true,"valueName":"search_term_string"}}],"inLanguage":"it-IT"},{"@type":"Person","@id":"https:\/\/www.lemporiodelleidee.it\/articoli\/#\/schema\/person\/73a919c9c7bb23f00a92ce23b68f8023","name":"ocirne","image":{"@type":"ImageObject","inLanguage":"it-IT","@id":"https:\/\/secure.gravatar.com\/avatar\/f072f13a935e1f817dbf02b3cfb832272e90062857af4be4f54bdca75587384c?s=96&d=mm&r=g","url":"https:\/\/secure.gravatar.com\/avatar\/f072f13a935e1f817dbf02b3cfb832272e90062857af4be4f54bdca75587384c?s=96&d=mm&r=g","contentUrl":"https:\/\/secure.gravatar.com\/avatar\/f072f13a935e1f817dbf02b3cfb832272e90062857af4be4f54bdca75587384c?s=96&d=mm&r=g","caption":"ocirne"},"url":"https:\/\/www.lemporiodelleidee.it\/articoli\/author\/enrico\/"}]}},"_links":{"self":[{"href":"https:\/\/www.lemporiodelleidee.it\/articoli\/wp-json\/wp\/v2\/posts\/641","targetHints":{"allow":["GET"]}}],"collection":[{"href":"https:\/\/www.lemporiodelleidee.it\/articoli\/wp-json\/wp\/v2\/posts"}],"about":[{"href":"https:\/\/www.lemporiodelleidee.it\/articoli\/wp-json\/wp\/v2\/types\/post"}],"author":[{"embeddable":true,"href":"https:\/\/www.lemporiodelleidee.it\/articoli\/wp-json\/wp\/v2\/users\/2"}],"replies":[{"embeddable":true,"href":"https:\/\/www.lemporiodelleidee.it\/articoli\/wp-json\/wp\/v2\/comments?post=641"}],"version-history":[{"count":1,"href":"https:\/\/www.lemporiodelleidee.it\/articoli\/wp-json\/wp\/v2\/posts\/641\/revisions"}],"predecessor-version":[{"id":644,"href":"https:\/\/www.lemporiodelleidee.it\/articoli\/wp-json\/wp\/v2\/posts\/641\/revisions\/644"}],"wp:featuredmedia":[{"embeddable":true,"href":"https:\/\/www.lemporiodelleidee.it\/articoli\/wp-json\/wp\/v2\/media\/643"}],"wp:attachment":[{"href":"https:\/\/www.lemporiodelleidee.it\/articoli\/wp-json\/wp\/v2\/media?parent=641"}],"wp:term":[{"taxonomy":"category","embeddable":true,"href":"https:\/\/www.lemporiodelleidee.it\/articoli\/wp-json\/wp\/v2\/categories?post=641"},{"taxonomy":"post_tag","embeddable":true,"href":"https:\/\/www.lemporiodelleidee.it\/articoli\/wp-json\/wp\/v2\/tags?post=641"}],"curies":[{"name":"wp","href":"https:\/\/api.w.org\/{rel}","templated":true}]}}