{"id":677,"date":"2023-05-09T16:49:00","date_gmt":"2023-05-09T14:49:00","guid":{"rendered":"https:\/\/www.lemporiodelleidee.it\/articoli\/?p=677"},"modified":"2023-05-09T16:51:12","modified_gmt":"2023-05-09T14:51:12","slug":"arredamento-firenze","status":"publish","type":"post","link":"https:\/\/www.lemporiodelleidee.it\/articoli\/2023\/05\/09\/arredamento-firenze\/","title":{"rendered":"Arredamento Firenze"},"content":{"rendered":"<div class=\"bffc8b465260131ebec72756c0b29a56\" data-index=\"1\" style=\"float: none; margin:10px 0 10px 0; text-align:center;\">\n<script async src=\"\/\/pagead2.googlesyndication.com\/pagead\/js\/adsbygoogle.js\"><\/script>\r\n<!-- laroveta -->\n<\/div>\n\n<p>la grande tradizione dell&#8217;<a href=\"https:\/\/www.falegnameriastagi.it\/\" target=\"_blank\" rel=\"noreferrer noopener\">arredamento Firenze<\/a> si perde nel corso dei secoli <\/p>\n\n\n\n<p>Firenze Infatti, capoluogo della Regione Toscana, \u00e8 da sempre conosciuta per la bont\u00e0 e l&#8217;alta qualit\u00e0 del suo artigianato, in grado di sfoderare eccellenti mobili e arredi per la casa di notevole valore. <\/p>\n\n\n\n<p>\u00e8 cos\u00ec che all&#8217;arredamento a Firenze risultavano interessati non soltanto coloro che vivono nella Toscana ma anche nelle altre regioni d&#8217;Italia e soprattutto all&#8217;estero, dato che ivi apprezzano moltissimo l&#8217;arredamento di Firenze stimato e invidiato in ogni angolo del mondo.<br>ovviamente all&#8217;interno dell&#8217;arredamento di Firenze si possono trovare mobili per la cucina come anche per la camera che per il bagno senza dimenticare le librerie e gli armadi su misura che si possono adattare per tutte le abitazioni e in ogni angolo della casa.<\/p>\n\n<div style=\"font-size: 0px; height: 0px; line-height: 0px; margin: 0; padding: 0; clear: both;\"><\/div>","protected":false},"excerpt":{"rendered":"<p>la grande tradizione dell&#8217;arredamento Firenze si perde nel corso dei secoli Firenze Infatti, capoluogo della Regione Toscana, \u00e8 da sempre conosciuta per la bont\u00e0 e l&#8217;alta qualit\u00e0 del suo artigianato, in grado di sfoderare eccellenti mobili e arredi per la casa di notevole valore. \u00e8 cos\u00ec che all&#8217;arredamento a Firenze risultavano interessati non soltanto coloro [&hellip;]<\/p>\n","protected":false},"author":2,"featured_media":680,"comment_status":"closed","ping_status":"closed","sticky":false,"template":"","format":"standard","meta":{"footnotes":""},"categories":[14],"tags":[],"class_list":["post-677","post","type-post","status-publish","format-standard","has-post-thumbnail","hentry","category-arredamento"],"yoast_head":"<!-- This site is optimized with the Yoast SEO plugin v27.5 - https:\/\/yoast.com\/product\/yoast-seo-wordpress\/ -->\n<title>Arredamento Firenze<\/title>\n<meta name=\"robots\" content=\"index, follow, max-snippet:-1, max-image-preview:large, max-video-preview:-1\" \/>\n<link rel=\"canonical\" href=\"https:\/\/www.lemporiodelleidee.it\/articoli\/2023\/05\/09\/arredamento-firenze\/\" \/>\n<meta property=\"og:locale\" content=\"it_IT\" \/>\n<meta property=\"og:type\" content=\"article\" \/>\n<meta property=\"og:title\" content=\"Arredamento Firenze\" \/>\n<meta property=\"og:description\" content=\"la grande tradizione dell&#8217;arredamento Firenze si perde nel corso dei secoli Firenze Infatti, capoluogo della Regione Toscana, \u00e8 da sempre conosciuta per la bont\u00e0 e l&#8217;alta qualit\u00e0 del suo artigianato, in grado di sfoderare eccellenti mobili e arredi per la casa di notevole valore. \u00e8 cos\u00ec che all&#8217;arredamento a Firenze risultavano interessati non soltanto coloro [&hellip;]\" \/>\n<meta property=\"og:url\" content=\"https:\/\/www.lemporiodelleidee.it\/articoli\/2023\/05\/09\/arredamento-firenze\/\" \/>\n<meta property=\"og:site_name\" content=\"Emporio delle idee\" \/>\n<meta property=\"article:published_time\" content=\"2023-05-09T14:49:00+00:00\" \/>\n<meta property=\"article:modified_time\" content=\"2023-05-09T14:51:12+00:00\" \/>\n<meta property=\"og:image\" content=\"https:\/\/www.lemporiodelleidee.it\/articoli\/wp-content\/uploads\/2023\/05\/Immagine-2023-05-09-163635.jpg\" \/>\n\t<meta property=\"og:image:width\" content=\"677\" \/>\n\t<meta property=\"og:image:height\" content=\"461\" \/>\n\t<meta property=\"og:image:type\" content=\"image\/jpeg\" \/>\n<meta name=\"author\" content=\"ocirne\" \/>\n<meta name=\"twitter:card\" content=\"summary_large_image\" \/>\n<meta name=\"twitter:label1\" content=\"Scritto da\" \/>\n\t<meta name=\"twitter:data1\" content=\"ocirne\" \/>\n\t<meta name=\"twitter:label2\" content=\"Tempo di lettura stimato\" \/>\n\t<meta name=\"twitter:data2\" content=\"1 minuto\" \/>\n<script type=\"application\/ld+json\" class=\"yoast-schema-graph\">{\"@context\":\"https:\\\/\\\/schema.org\",\"@graph\":[{\"@type\":\"Article\",\"@id\":\"https:\\\/\\\/www.lemporiodelleidee.it\\\/articoli\\\/2023\\\/05\\\/09\\\/arredamento-firenze\\\/#article\",\"isPartOf\":{\"@id\":\"https:\\\/\\\/www.lemporiodelleidee.it\\\/articoli\\\/2023\\\/05\\\/09\\\/arredamento-firenze\\\/\"},\"author\":{\"name\":\"ocirne\",\"@id\":\"https:\\\/\\\/www.lemporiodelleidee.it\\\/articoli\\\/#\\\/schema\\\/person\\\/73a919c9c7bb23f00a92ce23b68f8023\"},\"headline\":\"Arredamento Firenze\",\"datePublished\":\"2023-05-09T14:49:00+00:00\",\"dateModified\":\"2023-05-09T14:51:12+00:00\",\"mainEntityOfPage\":{\"@id\":\"https:\\\/\\\/www.lemporiodelleidee.it\\\/articoli\\\/2023\\\/05\\\/09\\\/arredamento-firenze\\\/\"},\"wordCount\":128,\"image\":{\"@id\":\"https:\\\/\\\/www.lemporiodelleidee.it\\\/articoli\\\/2023\\\/05\\\/09\\\/arredamento-firenze\\\/#primaryimage\"},\"thumbnailUrl\":\"https:\\\/\\\/www.lemporiodelleidee.it\\\/articoli\\\/wp-content\\\/uploads\\\/2023\\\/05\\\/Immagine-2023-05-09-163635.jpg\",\"articleSection\":[\"Arredamento\"],\"inLanguage\":\"it-IT\"},{\"@type\":\"WebPage\",\"@id\":\"https:\\\/\\\/www.lemporiodelleidee.it\\\/articoli\\\/2023\\\/05\\\/09\\\/arredamento-firenze\\\/\",\"url\":\"https:\\\/\\\/www.lemporiodelleidee.it\\\/articoli\\\/2023\\\/05\\\/09\\\/arredamento-firenze\\\/\",\"name\":\"Arredamento Firenze\",\"isPartOf\":{\"@id\":\"https:\\\/\\\/www.lemporiodelleidee.it\\\/articoli\\\/#website\"},\"primaryImageOfPage\":{\"@id\":\"https:\\\/\\\/www.lemporiodelleidee.it\\\/articoli\\\/2023\\\/05\\\/09\\\/arredamento-firenze\\\/#primaryimage\"},\"image\":{\"@id\":\"https:\\\/\\\/www.lemporiodelleidee.it\\\/articoli\\\/2023\\\/05\\\/09\\\/arredamento-firenze\\\/#primaryimage\"},\"thumbnailUrl\":\"https:\\\/\\\/www.lemporiodelleidee.it\\\/articoli\\\/wp-content\\\/uploads\\\/2023\\\/05\\\/Immagine-2023-05-09-163635.jpg\",\"datePublished\":\"2023-05-09T14:49:00+00:00\",\"dateModified\":\"2023-05-09T14:51:12+00:00\",\"author\":{\"@id\":\"https:\\\/\\\/www.lemporiodelleidee.it\\\/articoli\\\/#\\\/schema\\\/person\\\/73a919c9c7bb23f00a92ce23b68f8023\"},\"breadcrumb\":{\"@id\":\"https:\\\/\\\/www.lemporiodelleidee.it\\\/articoli\\\/2023\\\/05\\\/09\\\/arredamento-firenze\\\/#breadcrumb\"},\"inLanguage\":\"it-IT\",\"potentialAction\":[{\"@type\":\"ReadAction\",\"target\":[\"https:\\\/\\\/www.lemporiodelleidee.it\\\/articoli\\\/2023\\\/05\\\/09\\\/arredamento-firenze\\\/\"]}]},{\"@type\":\"ImageObject\",\"inLanguage\":\"it-IT\",\"@id\":\"https:\\\/\\\/www.lemporiodelleidee.it\\\/articoli\\\/2023\\\/05\\\/09\\\/arredamento-firenze\\\/#primaryimage\",\"url\":\"https:\\\/\\\/www.lemporiodelleidee.it\\\/articoli\\\/wp-content\\\/uploads\\\/2023\\\/05\\\/Immagine-2023-05-09-163635.jpg\",\"contentUrl\":\"https:\\\/\\\/www.lemporiodelleidee.it\\\/articoli\\\/wp-content\\\/uploads\\\/2023\\\/05\\\/Immagine-2023-05-09-163635.jpg\",\"width\":677,\"height\":461,\"caption\":\"Arredamento Firenze\"},{\"@type\":\"BreadcrumbList\",\"@id\":\"https:\\\/\\\/www.lemporiodelleidee.it\\\/articoli\\\/2023\\\/05\\\/09\\\/arredamento-firenze\\\/#breadcrumb\",\"itemListElement\":[{\"@type\":\"ListItem\",\"position\":1,\"name\":\"Home\",\"item\":\"https:\\\/\\\/www.lemporiodelleidee.it\\\/articoli\\\/\"},{\"@type\":\"ListItem\",\"position\":2,\"name\":\"Arredamento Firenze\"}]},{\"@type\":\"WebSite\",\"@id\":\"https:\\\/\\\/www.lemporiodelleidee.it\\\/articoli\\\/#website\",\"url\":\"https:\\\/\\\/www.lemporiodelleidee.it\\\/articoli\\\/\",\"name\":\"Emporio delle idee\",\"description\":\"I migliori siti del web\",\"potentialAction\":[{\"@type\":\"SearchAction\",\"target\":{\"@type\":\"EntryPoint\",\"urlTemplate\":\"https:\\\/\\\/www.lemporiodelleidee.it\\\/articoli\\\/?s={search_term_string}\"},\"query-input\":{\"@type\":\"PropertyValueSpecification\",\"valueRequired\":true,\"valueName\":\"search_term_string\"}}],\"inLanguage\":\"it-IT\"},{\"@type\":\"Person\",\"@id\":\"https:\\\/\\\/www.lemporiodelleidee.it\\\/articoli\\\/#\\\/schema\\\/person\\\/73a919c9c7bb23f00a92ce23b68f8023\",\"name\":\"ocirne\",\"image\":{\"@type\":\"ImageObject\",\"inLanguage\":\"it-IT\",\"@id\":\"https:\\\/\\\/secure.gravatar.com\\\/avatar\\\/f072f13a935e1f817dbf02b3cfb832272e90062857af4be4f54bdca75587384c?s=96&d=mm&r=g\",\"url\":\"https:\\\/\\\/secure.gravatar.com\\\/avatar\\\/f072f13a935e1f817dbf02b3cfb832272e90062857af4be4f54bdca75587384c?s=96&d=mm&r=g\",\"contentUrl\":\"https:\\\/\\\/secure.gravatar.com\\\/avatar\\\/f072f13a935e1f817dbf02b3cfb832272e90062857af4be4f54bdca75587384c?s=96&d=mm&r=g\",\"caption\":\"ocirne\"},\"url\":\"https:\\\/\\\/www.lemporiodelleidee.it\\\/articoli\\\/author\\\/enrico\\\/\"}]}<\/script>\n<!-- \/ Yoast SEO plugin. -->","yoast_head_json":{"title":"Arredamento Firenze","robots":{"index":"index","follow":"follow","max-snippet":"max-snippet:-1","max-image-preview":"max-image-preview:large","max-video-preview":"max-video-preview:-1"},"canonical":"https:\/\/www.lemporiodelleidee.it\/articoli\/2023\/05\/09\/arredamento-firenze\/","og_locale":"it_IT","og_type":"article","og_title":"Arredamento Firenze","og_description":"la grande tradizione dell&#8217;arredamento Firenze si perde nel corso dei secoli Firenze Infatti, capoluogo della Regione Toscana, \u00e8 da sempre conosciuta per la bont\u00e0 e l&#8217;alta qualit\u00e0 del suo artigianato, in grado di sfoderare eccellenti mobili e arredi per la casa di notevole valore. \u00e8 cos\u00ec che all&#8217;arredamento a Firenze risultavano interessati non soltanto coloro [&hellip;]","og_url":"https:\/\/www.lemporiodelleidee.it\/articoli\/2023\/05\/09\/arredamento-firenze\/","og_site_name":"Emporio delle idee","article_published_time":"2023-05-09T14:49:00+00:00","article_modified_time":"2023-05-09T14:51:12+00:00","og_image":[{"width":677,"height":461,"url":"https:\/\/www.lemporiodelleidee.it\/articoli\/wp-content\/uploads\/2023\/05\/Immagine-2023-05-09-163635.jpg","type":"image\/jpeg"}],"author":"ocirne","twitter_card":"summary_large_image","twitter_misc":{"Scritto da":"ocirne","Tempo di lettura stimato":"1 minuto"},"schema":{"@context":"https:\/\/schema.org","@graph":[{"@type":"Article","@id":"https:\/\/www.lemporiodelleidee.it\/articoli\/2023\/05\/09\/arredamento-firenze\/#article","isPartOf":{"@id":"https:\/\/www.lemporiodelleidee.it\/articoli\/2023\/05\/09\/arredamento-firenze\/"},"author":{"name":"ocirne","@id":"https:\/\/www.lemporiodelleidee.it\/articoli\/#\/schema\/person\/73a919c9c7bb23f00a92ce23b68f8023"},"headline":"Arredamento Firenze","datePublished":"2023-05-09T14:49:00+00:00","dateModified":"2023-05-09T14:51:12+00:00","mainEntityOfPage":{"@id":"https:\/\/www.lemporiodelleidee.it\/articoli\/2023\/05\/09\/arredamento-firenze\/"},"wordCount":128,"image":{"@id":"https:\/\/www.lemporiodelleidee.it\/articoli\/2023\/05\/09\/arredamento-firenze\/#primaryimage"},"thumbnailUrl":"https:\/\/www.lemporiodelleidee.it\/articoli\/wp-content\/uploads\/2023\/05\/Immagine-2023-05-09-163635.jpg","articleSection":["Arredamento"],"inLanguage":"it-IT"},{"@type":"WebPage","@id":"https:\/\/www.lemporiodelleidee.it\/articoli\/2023\/05\/09\/arredamento-firenze\/","url":"https:\/\/www.lemporiodelleidee.it\/articoli\/2023\/05\/09\/arredamento-firenze\/","name":"Arredamento Firenze","isPartOf":{"@id":"https:\/\/www.lemporiodelleidee.it\/articoli\/#website"},"primaryImageOfPage":{"@id":"https:\/\/www.lemporiodelleidee.it\/articoli\/2023\/05\/09\/arredamento-firenze\/#primaryimage"},"image":{"@id":"https:\/\/www.lemporiodelleidee.it\/articoli\/2023\/05\/09\/arredamento-firenze\/#primaryimage"},"thumbnailUrl":"https:\/\/www.lemporiodelleidee.it\/articoli\/wp-content\/uploads\/2023\/05\/Immagine-2023-05-09-163635.jpg","datePublished":"2023-05-09T14:49:00+00:00","dateModified":"2023-05-09T14:51:12+00:00","author":{"@id":"https:\/\/www.lemporiodelleidee.it\/articoli\/#\/schema\/person\/73a919c9c7bb23f00a92ce23b68f8023"},"breadcrumb":{"@id":"https:\/\/www.lemporiodelleidee.it\/articoli\/2023\/05\/09\/arredamento-firenze\/#breadcrumb"},"inLanguage":"it-IT","potentialAction":[{"@type":"ReadAction","target":["https:\/\/www.lemporiodelleidee.it\/articoli\/2023\/05\/09\/arredamento-firenze\/"]}]},{"@type":"ImageObject","inLanguage":"it-IT","@id":"https:\/\/www.lemporiodelleidee.it\/articoli\/2023\/05\/09\/arredamento-firenze\/#primaryimage","url":"https:\/\/www.lemporiodelleidee.it\/articoli\/wp-content\/uploads\/2023\/05\/Immagine-2023-05-09-163635.jpg","contentUrl":"https:\/\/www.lemporiodelleidee.it\/articoli\/wp-content\/uploads\/2023\/05\/Immagine-2023-05-09-163635.jpg","width":677,"height":461,"caption":"Arredamento Firenze"},{"@type":"BreadcrumbList","@id":"https:\/\/www.lemporiodelleidee.it\/articoli\/2023\/05\/09\/arredamento-firenze\/#breadcrumb","itemListElement":[{"@type":"ListItem","position":1,"name":"Home","item":"https:\/\/www.lemporiodelleidee.it\/articoli\/"},{"@type":"ListItem","position":2,"name":"Arredamento Firenze"}]},{"@type":"WebSite","@id":"https:\/\/www.lemporiodelleidee.it\/articoli\/#website","url":"https:\/\/www.lemporiodelleidee.it\/articoli\/","name":"Emporio delle idee","description":"I migliori siti del web","potentialAction":[{"@type":"SearchAction","target":{"@type":"EntryPoint","urlTemplate":"https:\/\/www.lemporiodelleidee.it\/articoli\/?s={search_term_string}"},"query-input":{"@type":"PropertyValueSpecification","valueRequired":true,"valueName":"search_term_string"}}],"inLanguage":"it-IT"},{"@type":"Person","@id":"https:\/\/www.lemporiodelleidee.it\/articoli\/#\/schema\/person\/73a919c9c7bb23f00a92ce23b68f8023","name":"ocirne","image":{"@type":"ImageObject","inLanguage":"it-IT","@id":"https:\/\/secure.gravatar.com\/avatar\/f072f13a935e1f817dbf02b3cfb832272e90062857af4be4f54bdca75587384c?s=96&d=mm&r=g","url":"https:\/\/secure.gravatar.com\/avatar\/f072f13a935e1f817dbf02b3cfb832272e90062857af4be4f54bdca75587384c?s=96&d=mm&r=g","contentUrl":"https:\/\/secure.gravatar.com\/avatar\/f072f13a935e1f817dbf02b3cfb832272e90062857af4be4f54bdca75587384c?s=96&d=mm&r=g","caption":"ocirne"},"url":"https:\/\/www.lemporiodelleidee.it\/articoli\/author\/enrico\/"}]}},"_links":{"self":[{"href":"https:\/\/www.lemporiodelleidee.it\/articoli\/wp-json\/wp\/v2\/posts\/677","targetHints":{"allow":["GET"]}}],"collection":[{"href":"https:\/\/www.lemporiodelleidee.it\/articoli\/wp-json\/wp\/v2\/posts"}],"about":[{"href":"https:\/\/www.lemporiodelleidee.it\/articoli\/wp-json\/wp\/v2\/types\/post"}],"author":[{"embeddable":true,"href":"https:\/\/www.lemporiodelleidee.it\/articoli\/wp-json\/wp\/v2\/users\/2"}],"replies":[{"embeddable":true,"href":"https:\/\/www.lemporiodelleidee.it\/articoli\/wp-json\/wp\/v2\/comments?post=677"}],"version-history":[{"count":1,"href":"https:\/\/www.lemporiodelleidee.it\/articoli\/wp-json\/wp\/v2\/posts\/677\/revisions"}],"predecessor-version":[{"id":679,"href":"https:\/\/www.lemporiodelleidee.it\/articoli\/wp-json\/wp\/v2\/posts\/677\/revisions\/679"}],"wp:featuredmedia":[{"embeddable":true,"href":"https:\/\/www.lemporiodelleidee.it\/articoli\/wp-json\/wp\/v2\/media\/680"}],"wp:attachment":[{"href":"https:\/\/www.lemporiodelleidee.it\/articoli\/wp-json\/wp\/v2\/media?parent=677"}],"wp:term":[{"taxonomy":"category","embeddable":true,"href":"https:\/\/www.lemporiodelleidee.it\/articoli\/wp-json\/wp\/v2\/categories?post=677"},{"taxonomy":"post_tag","embeddable":true,"href":"https:\/\/www.lemporiodelleidee.it\/articoli\/wp-json\/wp\/v2\/tags?post=677"}],"curies":[{"name":"wp","href":"https:\/\/api.w.org\/{rel}","templated":true}]}}