{"id":882,"date":"2026-02-04T15:55:42","date_gmt":"2026-02-04T14:55:42","guid":{"rendered":"https:\/\/www.lemporiodelleidee.it\/articoli\/?p=882"},"modified":"2026-02-04T15:55:43","modified_gmt":"2026-02-04T14:55:43","slug":"mobili-su-misura-firenze","status":"publish","type":"post","link":"https:\/\/www.lemporiodelleidee.it\/articoli\/2026\/02\/04\/mobili-su-misura-firenze\/","title":{"rendered":"Mobili su Misura Firenze"},"content":{"rendered":"<div class=\"bffc8b465260131ebec72756c0b29a56\" data-index=\"1\" style=\"float: none; margin:10px 0 10px 0; text-align:center;\">\n<script async src=\"\/\/pagead2.googlesyndication.com\/pagead\/js\/adsbygoogle.js\"><\/script>\r\n<!-- laroveta -->\n<\/div>\n\n<h2 class=\"wp-block-heading\">\ud83e\ude91 <a href=\"https:\/\/www.petrietrambusti.com\/\" type=\"link\" id=\"https:\/\/www.petrietrambusti.com\/\">Mobili su Misura Firenze<\/a>: Artigianalit\u00e0 ed Eleganza con Petri e Trambusti<\/h2>\n\n\n\n<p>Firenze e la Toscana sono terra di arte, storia e grande tradizione artigianale. Non stupisce quindi che anche nell\u2019arredamento la cultura del fatto a mano e del design personalizzato abbia radici profonde. Per chi desidera dare alla propria casa, ufficio o attivit\u00e0 uno stile unico e funzionale, i <strong>mobili su misura<\/strong> rappresentano una scelta vincente, capace di coniugare <strong>estetica, qualit\u00e0 dei materiali e perfetta integrazione negli spazi abitativi<\/strong>.<\/p>\n\n\n\n<p>Quando ogni ambiente richiede una soluzione originale e studiata appositamente per le tue esigenze, \u00e8 fondamentale affidarsi a professionisti che sappiano tradurre idee e desideri in <strong>arredi unici e fatti con cura artigianale<\/strong>. In questo contesto, <strong>\ud83d\udca1 visita <a href=\"https:\/\/www.petrietrambusti.com\/\">https:\/\/www.petrietrambusti.com\/<\/a><\/strong> per scoprire come la falegnameria e i suoi mobili su misura possono trasformare i tuoi spazi, combinando tradizione, competenza e stile.<\/p>\n\n\n\n<hr class=\"wp-block-separator has-alpha-channel-opacity\"\/>\n\n\n\n<h3 class=\"wp-block-heading\">\ud83d\udccc <strong>Perch\u00e9 Scegliere Mobili Su Misura?<\/strong><\/h3>\n\n\n\n<p>Optare per un mobile su misura significa uscire dagli schemi dei prodotti standard del mercato e ottenere:<\/p>\n\n\n\n<p>\u2705 <strong>Perfetta integrazione negli spazi<\/strong> \u2013 ogni elemento \u00e8 realizzato secondo le dimensioni esatte degli ambienti.<br>\u2705 <strong>Design personalizzato in base ai gusti e allo stile di vita<\/strong> \u2013 moderno, tradizionale, minimal o classico.<br>\u2705 <strong>Qualit\u00e0 dei materiali e lavorazione artigianale<\/strong> \u2013 legno, finiture e dettagli curati con precisione artigianale.<br>\u2705 <strong>Funzionalit\u00e0 ottimizzata<\/strong> \u2013 soluzioni intelligenti per sfruttare ogni centimetro.<\/p>\n\n\n\n<p>Questi vantaggi fanno dei mobili su misura non soltanto oggetti belli da vedere, ma strumenti che semplificano e migliorano l\u2019uso quotidiano degli spazi.<\/p>\n\n\n\n<hr class=\"wp-block-separator has-alpha-channel-opacity\"\/>\n\n\n\n<h3 class=\"wp-block-heading\">\ud83d\udee0\ufe0f <strong>Petri e Trambusti: Artigiani del Legno per Ogni Esigenza di Arredo<\/strong><\/h3>\n\n\n\n<p>La <strong>Falegnameria Petri e Trambusti<\/strong>, con sede nei pressi di Firenze, \u00e8 un\u2019eccellenza nel campo della <strong>realizzazione di arredi su misura e lavori di falegnameria<\/strong>, capace di rispondere alle esigenze pi\u00f9 diverse con soluzioni personalizzate e di qualit\u00e0.<\/p>\n\n\n\n<p>L\u2019azienda nasce alla fine degli anni \u201980 come bottega artigiana, specializzata nella produzione di mobili fatti su misura e gradualmente offre una gamma completa di prodotti e servizi, tra cui:<\/p>\n\n\n\n<p>\ud83d\udd39 <strong>Armadi e cassettiere<\/strong> per la zona notte;<br>\ud83d\udd39 <strong>Tavoli, sedie e complementi d\u2019arredo<\/strong> per ogni ambiente;<br>\ud83d\udd39 <strong>Scale, soppalchi e soluzioni speciali<\/strong> per sfruttare gli spazi verticali;<br>\ud83d\udd39 <strong>Sportelli e mobili per cucine in muratura<\/strong>, perfetti per ambienti personalizzati;<br>\ud83d\udd39 <strong>Infissi e serramenti in legno<\/strong> che si integrano con l\u2019arredo e l\u2019architettura degli ambienti.<\/p>\n\n\n\n<p>La falegnameria combina <strong>abilit\u00e0 artigianale tradizionale con tecnologie moderne<\/strong>, garantendo che ogni pezzo sia non solo bello ma realizzato secondo i pi\u00f9 alti standard di qualit\u00e0 e durabilit\u00e0.<\/p>\n\n\n\n<hr class=\"wp-block-separator has-alpha-channel-opacity\"\/>\n\n\n\n<h3 class=\"wp-block-heading\">\ud83c\udfe1 <strong>Dall\u2019Idea alla Realizzazione: Un Percorso Personalizzato<\/strong><\/h3>\n\n\n\n<p>Un progetto di arredamento su misura inizia sempre con un ascolto attento delle esigenze del cliente. Che tu abbia bisogno di un elemento specifico o di un progetto completo per rinnovare un ambiente, la progettazione viene condivisa passo dopo passo, con sopralluoghi, disegni personalizzati e una scelta accurata dei materiali.<\/p>\n\n\n\n<p>Questa filosofia di lavoro permette di ottenere risultati che non solo soddisfano, ma spesso <em>superano le aspettative<\/em>, perch\u00e9 ogni mobile \u00e8 unico e rispecchia la personalit\u00e0 di chi vive dentro quegli spazi.<\/p>\n\n\n\n<hr class=\"wp-block-separator has-alpha-channel-opacity\"\/>\n\n\n\n<h3 class=\"wp-block-heading\">\ud83c\udf1f <strong>Conclusione: Arreda con Stile e Personalit\u00e0<\/strong><\/h3>\n\n\n\n<p>Se stai cercando <strong>mobili su misura a Firenze<\/strong> che uniscano estetica raffinata, funzionalit\u00e0 e artigianalit\u00e0 di alto livello, <strong>Petri e Trambusti<\/strong> \u00e8 la scelta ideale. La falegnameria interpreta ogni progetto con passione e professionalit\u00e0, trasformando gli spazi in ambienti confortevoli, eleganti e perfettamente adattati alle tue esigenze.<\/p>\n\n<div style=\"font-size: 0px; height: 0px; line-height: 0px; margin: 0; padding: 0; clear: both;\"><\/div>","protected":false},"excerpt":{"rendered":"<p>\ud83e\ude91 Mobili su Misura Firenze: Artigianalit\u00e0 ed Eleganza con Petri e Trambusti Firenze e la Toscana sono terra di arte, storia e grande tradizione artigianale. Non stupisce quindi che anche nell\u2019arredamento la cultura del fatto a mano e del design personalizzato abbia radici profonde. Per chi desidera dare alla propria casa, ufficio o attivit\u00e0 uno [&hellip;]<\/p>\n","protected":false},"author":2,"featured_media":884,"comment_status":"closed","ping_status":"closed","sticky":false,"template":"","format":"standard","meta":{"footnotes":""},"categories":[14],"tags":[],"class_list":["post-882","post","type-post","status-publish","format-standard","has-post-thumbnail","hentry","category-arredamento"],"yoast_head":"<!-- This site is optimized with the Yoast SEO plugin v27.5 - https:\/\/yoast.com\/product\/yoast-seo-wordpress\/ -->\n<title>Mobili su Misura Firenze<\/title>\n<meta name=\"robots\" content=\"index, follow, max-snippet:-1, max-image-preview:large, max-video-preview:-1\" \/>\n<link rel=\"canonical\" href=\"https:\/\/www.lemporiodelleidee.it\/articoli\/2026\/02\/04\/mobili-su-misura-firenze\/\" \/>\n<meta property=\"og:locale\" content=\"it_IT\" \/>\n<meta property=\"og:type\" content=\"article\" \/>\n<meta property=\"og:title\" content=\"Mobili su Misura Firenze\" \/>\n<meta property=\"og:description\" content=\"\ud83e\ude91 Mobili su Misura Firenze: Artigianalit\u00e0 ed Eleganza con Petri e Trambusti Firenze e la Toscana sono terra di arte, storia e grande tradizione artigianale. Non stupisce quindi che anche nell\u2019arredamento la cultura del fatto a mano e del design personalizzato abbia radici profonde. Per chi desidera dare alla propria casa, ufficio o attivit\u00e0 uno [&hellip;]\" \/>\n<meta property=\"og:url\" content=\"https:\/\/www.lemporiodelleidee.it\/articoli\/2026\/02\/04\/mobili-su-misura-firenze\/\" \/>\n<meta property=\"og:site_name\" content=\"Emporio delle idee\" \/>\n<meta property=\"article:published_time\" content=\"2026-02-04T14:55:42+00:00\" \/>\n<meta property=\"article:modified_time\" content=\"2026-02-04T14:55:43+00:00\" \/>\n<meta property=\"og:image\" content=\"https:\/\/www.lemporiodelleidee.it\/articoli\/wp-content\/uploads\/2026\/02\/Immagine-2026-02-04-155432.jpg\" \/>\n\t<meta property=\"og:image:width\" content=\"521\" \/>\n\t<meta property=\"og:image:height\" content=\"672\" \/>\n\t<meta property=\"og:image:type\" content=\"image\/jpeg\" \/>\n<meta name=\"author\" content=\"ocirne\" \/>\n<meta name=\"twitter:card\" content=\"summary_large_image\" \/>\n<meta name=\"twitter:label1\" content=\"Scritto da\" \/>\n\t<meta name=\"twitter:data1\" content=\"ocirne\" \/>\n\t<meta name=\"twitter:label2\" content=\"Tempo di lettura stimato\" \/>\n\t<meta name=\"twitter:data2\" content=\"4 minuti\" \/>\n<script type=\"application\/ld+json\" class=\"yoast-schema-graph\">{\"@context\":\"https:\\\/\\\/schema.org\",\"@graph\":[{\"@type\":\"Article\",\"@id\":\"https:\\\/\\\/www.lemporiodelleidee.it\\\/articoli\\\/2026\\\/02\\\/04\\\/mobili-su-misura-firenze\\\/#article\",\"isPartOf\":{\"@id\":\"https:\\\/\\\/www.lemporiodelleidee.it\\\/articoli\\\/2026\\\/02\\\/04\\\/mobili-su-misura-firenze\\\/\"},\"author\":{\"name\":\"ocirne\",\"@id\":\"https:\\\/\\\/www.lemporiodelleidee.it\\\/articoli\\\/#\\\/schema\\\/person\\\/73a919c9c7bb23f00a92ce23b68f8023\"},\"headline\":\"Mobili su Misura Firenze\",\"datePublished\":\"2026-02-04T14:55:42+00:00\",\"dateModified\":\"2026-02-04T14:55:43+00:00\",\"mainEntityOfPage\":{\"@id\":\"https:\\\/\\\/www.lemporiodelleidee.it\\\/articoli\\\/2026\\\/02\\\/04\\\/mobili-su-misura-firenze\\\/\"},\"wordCount\":542,\"image\":{\"@id\":\"https:\\\/\\\/www.lemporiodelleidee.it\\\/articoli\\\/2026\\\/02\\\/04\\\/mobili-su-misura-firenze\\\/#primaryimage\"},\"thumbnailUrl\":\"https:\\\/\\\/www.lemporiodelleidee.it\\\/articoli\\\/wp-content\\\/uploads\\\/2026\\\/02\\\/Immagine-2026-02-04-155432.jpg\",\"articleSection\":[\"Arredamento\"],\"inLanguage\":\"it-IT\"},{\"@type\":\"WebPage\",\"@id\":\"https:\\\/\\\/www.lemporiodelleidee.it\\\/articoli\\\/2026\\\/02\\\/04\\\/mobili-su-misura-firenze\\\/\",\"url\":\"https:\\\/\\\/www.lemporiodelleidee.it\\\/articoli\\\/2026\\\/02\\\/04\\\/mobili-su-misura-firenze\\\/\",\"name\":\"Mobili su Misura Firenze\",\"isPartOf\":{\"@id\":\"https:\\\/\\\/www.lemporiodelleidee.it\\\/articoli\\\/#website\"},\"primaryImageOfPage\":{\"@id\":\"https:\\\/\\\/www.lemporiodelleidee.it\\\/articoli\\\/2026\\\/02\\\/04\\\/mobili-su-misura-firenze\\\/#primaryimage\"},\"image\":{\"@id\":\"https:\\\/\\\/www.lemporiodelleidee.it\\\/articoli\\\/2026\\\/02\\\/04\\\/mobili-su-misura-firenze\\\/#primaryimage\"},\"thumbnailUrl\":\"https:\\\/\\\/www.lemporiodelleidee.it\\\/articoli\\\/wp-content\\\/uploads\\\/2026\\\/02\\\/Immagine-2026-02-04-155432.jpg\",\"datePublished\":\"2026-02-04T14:55:42+00:00\",\"dateModified\":\"2026-02-04T14:55:43+00:00\",\"author\":{\"@id\":\"https:\\\/\\\/www.lemporiodelleidee.it\\\/articoli\\\/#\\\/schema\\\/person\\\/73a919c9c7bb23f00a92ce23b68f8023\"},\"breadcrumb\":{\"@id\":\"https:\\\/\\\/www.lemporiodelleidee.it\\\/articoli\\\/2026\\\/02\\\/04\\\/mobili-su-misura-firenze\\\/#breadcrumb\"},\"inLanguage\":\"it-IT\",\"potentialAction\":[{\"@type\":\"ReadAction\",\"target\":[\"https:\\\/\\\/www.lemporiodelleidee.it\\\/articoli\\\/2026\\\/02\\\/04\\\/mobili-su-misura-firenze\\\/\"]}]},{\"@type\":\"ImageObject\",\"inLanguage\":\"it-IT\",\"@id\":\"https:\\\/\\\/www.lemporiodelleidee.it\\\/articoli\\\/2026\\\/02\\\/04\\\/mobili-su-misura-firenze\\\/#primaryimage\",\"url\":\"https:\\\/\\\/www.lemporiodelleidee.it\\\/articoli\\\/wp-content\\\/uploads\\\/2026\\\/02\\\/Immagine-2026-02-04-155432.jpg\",\"contentUrl\":\"https:\\\/\\\/www.lemporiodelleidee.it\\\/articoli\\\/wp-content\\\/uploads\\\/2026\\\/02\\\/Immagine-2026-02-04-155432.jpg\",\"width\":521,\"height\":672,\"caption\":\"Mobili su Misura Firenze\"},{\"@type\":\"BreadcrumbList\",\"@id\":\"https:\\\/\\\/www.lemporiodelleidee.it\\\/articoli\\\/2026\\\/02\\\/04\\\/mobili-su-misura-firenze\\\/#breadcrumb\",\"itemListElement\":[{\"@type\":\"ListItem\",\"position\":1,\"name\":\"Home\",\"item\":\"https:\\\/\\\/www.lemporiodelleidee.it\\\/articoli\\\/\"},{\"@type\":\"ListItem\",\"position\":2,\"name\":\"Mobili su Misura Firenze\"}]},{\"@type\":\"WebSite\",\"@id\":\"https:\\\/\\\/www.lemporiodelleidee.it\\\/articoli\\\/#website\",\"url\":\"https:\\\/\\\/www.lemporiodelleidee.it\\\/articoli\\\/\",\"name\":\"Emporio delle idee\",\"description\":\"I migliori siti del web\",\"potentialAction\":[{\"@type\":\"SearchAction\",\"target\":{\"@type\":\"EntryPoint\",\"urlTemplate\":\"https:\\\/\\\/www.lemporiodelleidee.it\\\/articoli\\\/?s={search_term_string}\"},\"query-input\":{\"@type\":\"PropertyValueSpecification\",\"valueRequired\":true,\"valueName\":\"search_term_string\"}}],\"inLanguage\":\"it-IT\"},{\"@type\":\"Person\",\"@id\":\"https:\\\/\\\/www.lemporiodelleidee.it\\\/articoli\\\/#\\\/schema\\\/person\\\/73a919c9c7bb23f00a92ce23b68f8023\",\"name\":\"ocirne\",\"image\":{\"@type\":\"ImageObject\",\"inLanguage\":\"it-IT\",\"@id\":\"https:\\\/\\\/secure.gravatar.com\\\/avatar\\\/f072f13a935e1f817dbf02b3cfb832272e90062857af4be4f54bdca75587384c?s=96&d=mm&r=g\",\"url\":\"https:\\\/\\\/secure.gravatar.com\\\/avatar\\\/f072f13a935e1f817dbf02b3cfb832272e90062857af4be4f54bdca75587384c?s=96&d=mm&r=g\",\"contentUrl\":\"https:\\\/\\\/secure.gravatar.com\\\/avatar\\\/f072f13a935e1f817dbf02b3cfb832272e90062857af4be4f54bdca75587384c?s=96&d=mm&r=g\",\"caption\":\"ocirne\"},\"url\":\"https:\\\/\\\/www.lemporiodelleidee.it\\\/articoli\\\/author\\\/enrico\\\/\"}]}<\/script>\n<!-- \/ Yoast SEO plugin. -->","yoast_head_json":{"title":"Mobili su Misura Firenze","robots":{"index":"index","follow":"follow","max-snippet":"max-snippet:-1","max-image-preview":"max-image-preview:large","max-video-preview":"max-video-preview:-1"},"canonical":"https:\/\/www.lemporiodelleidee.it\/articoli\/2026\/02\/04\/mobili-su-misura-firenze\/","og_locale":"it_IT","og_type":"article","og_title":"Mobili su Misura Firenze","og_description":"\ud83e\ude91 Mobili su Misura Firenze: Artigianalit\u00e0 ed Eleganza con Petri e Trambusti Firenze e la Toscana sono terra di arte, storia e grande tradizione artigianale. Non stupisce quindi che anche nell\u2019arredamento la cultura del fatto a mano e del design personalizzato abbia radici profonde. Per chi desidera dare alla propria casa, ufficio o attivit\u00e0 uno [&hellip;]","og_url":"https:\/\/www.lemporiodelleidee.it\/articoli\/2026\/02\/04\/mobili-su-misura-firenze\/","og_site_name":"Emporio delle idee","article_published_time":"2026-02-04T14:55:42+00:00","article_modified_time":"2026-02-04T14:55:43+00:00","og_image":[{"width":521,"height":672,"url":"https:\/\/www.lemporiodelleidee.it\/articoli\/wp-content\/uploads\/2026\/02\/Immagine-2026-02-04-155432.jpg","type":"image\/jpeg"}],"author":"ocirne","twitter_card":"summary_large_image","twitter_misc":{"Scritto da":"ocirne","Tempo di lettura stimato":"4 minuti"},"schema":{"@context":"https:\/\/schema.org","@graph":[{"@type":"Article","@id":"https:\/\/www.lemporiodelleidee.it\/articoli\/2026\/02\/04\/mobili-su-misura-firenze\/#article","isPartOf":{"@id":"https:\/\/www.lemporiodelleidee.it\/articoli\/2026\/02\/04\/mobili-su-misura-firenze\/"},"author":{"name":"ocirne","@id":"https:\/\/www.lemporiodelleidee.it\/articoli\/#\/schema\/person\/73a919c9c7bb23f00a92ce23b68f8023"},"headline":"Mobili su Misura Firenze","datePublished":"2026-02-04T14:55:42+00:00","dateModified":"2026-02-04T14:55:43+00:00","mainEntityOfPage":{"@id":"https:\/\/www.lemporiodelleidee.it\/articoli\/2026\/02\/04\/mobili-su-misura-firenze\/"},"wordCount":542,"image":{"@id":"https:\/\/www.lemporiodelleidee.it\/articoli\/2026\/02\/04\/mobili-su-misura-firenze\/#primaryimage"},"thumbnailUrl":"https:\/\/www.lemporiodelleidee.it\/articoli\/wp-content\/uploads\/2026\/02\/Immagine-2026-02-04-155432.jpg","articleSection":["Arredamento"],"inLanguage":"it-IT"},{"@type":"WebPage","@id":"https:\/\/www.lemporiodelleidee.it\/articoli\/2026\/02\/04\/mobili-su-misura-firenze\/","url":"https:\/\/www.lemporiodelleidee.it\/articoli\/2026\/02\/04\/mobili-su-misura-firenze\/","name":"Mobili su Misura Firenze","isPartOf":{"@id":"https:\/\/www.lemporiodelleidee.it\/articoli\/#website"},"primaryImageOfPage":{"@id":"https:\/\/www.lemporiodelleidee.it\/articoli\/2026\/02\/04\/mobili-su-misura-firenze\/#primaryimage"},"image":{"@id":"https:\/\/www.lemporiodelleidee.it\/articoli\/2026\/02\/04\/mobili-su-misura-firenze\/#primaryimage"},"thumbnailUrl":"https:\/\/www.lemporiodelleidee.it\/articoli\/wp-content\/uploads\/2026\/02\/Immagine-2026-02-04-155432.jpg","datePublished":"2026-02-04T14:55:42+00:00","dateModified":"2026-02-04T14:55:43+00:00","author":{"@id":"https:\/\/www.lemporiodelleidee.it\/articoli\/#\/schema\/person\/73a919c9c7bb23f00a92ce23b68f8023"},"breadcrumb":{"@id":"https:\/\/www.lemporiodelleidee.it\/articoli\/2026\/02\/04\/mobili-su-misura-firenze\/#breadcrumb"},"inLanguage":"it-IT","potentialAction":[{"@type":"ReadAction","target":["https:\/\/www.lemporiodelleidee.it\/articoli\/2026\/02\/04\/mobili-su-misura-firenze\/"]}]},{"@type":"ImageObject","inLanguage":"it-IT","@id":"https:\/\/www.lemporiodelleidee.it\/articoli\/2026\/02\/04\/mobili-su-misura-firenze\/#primaryimage","url":"https:\/\/www.lemporiodelleidee.it\/articoli\/wp-content\/uploads\/2026\/02\/Immagine-2026-02-04-155432.jpg","contentUrl":"https:\/\/www.lemporiodelleidee.it\/articoli\/wp-content\/uploads\/2026\/02\/Immagine-2026-02-04-155432.jpg","width":521,"height":672,"caption":"Mobili su Misura Firenze"},{"@type":"BreadcrumbList","@id":"https:\/\/www.lemporiodelleidee.it\/articoli\/2026\/02\/04\/mobili-su-misura-firenze\/#breadcrumb","itemListElement":[{"@type":"ListItem","position":1,"name":"Home","item":"https:\/\/www.lemporiodelleidee.it\/articoli\/"},{"@type":"ListItem","position":2,"name":"Mobili su Misura Firenze"}]},{"@type":"WebSite","@id":"https:\/\/www.lemporiodelleidee.it\/articoli\/#website","url":"https:\/\/www.lemporiodelleidee.it\/articoli\/","name":"Emporio delle idee","description":"I migliori siti del web","potentialAction":[{"@type":"SearchAction","target":{"@type":"EntryPoint","urlTemplate":"https:\/\/www.lemporiodelleidee.it\/articoli\/?s={search_term_string}"},"query-input":{"@type":"PropertyValueSpecification","valueRequired":true,"valueName":"search_term_string"}}],"inLanguage":"it-IT"},{"@type":"Person","@id":"https:\/\/www.lemporiodelleidee.it\/articoli\/#\/schema\/person\/73a919c9c7bb23f00a92ce23b68f8023","name":"ocirne","image":{"@type":"ImageObject","inLanguage":"it-IT","@id":"https:\/\/secure.gravatar.com\/avatar\/f072f13a935e1f817dbf02b3cfb832272e90062857af4be4f54bdca75587384c?s=96&d=mm&r=g","url":"https:\/\/secure.gravatar.com\/avatar\/f072f13a935e1f817dbf02b3cfb832272e90062857af4be4f54bdca75587384c?s=96&d=mm&r=g","contentUrl":"https:\/\/secure.gravatar.com\/avatar\/f072f13a935e1f817dbf02b3cfb832272e90062857af4be4f54bdca75587384c?s=96&d=mm&r=g","caption":"ocirne"},"url":"https:\/\/www.lemporiodelleidee.it\/articoli\/author\/enrico\/"}]}},"_links":{"self":[{"href":"https:\/\/www.lemporiodelleidee.it\/articoli\/wp-json\/wp\/v2\/posts\/882","targetHints":{"allow":["GET"]}}],"collection":[{"href":"https:\/\/www.lemporiodelleidee.it\/articoli\/wp-json\/wp\/v2\/posts"}],"about":[{"href":"https:\/\/www.lemporiodelleidee.it\/articoli\/wp-json\/wp\/v2\/types\/post"}],"author":[{"embeddable":true,"href":"https:\/\/www.lemporiodelleidee.it\/articoli\/wp-json\/wp\/v2\/users\/2"}],"replies":[{"embeddable":true,"href":"https:\/\/www.lemporiodelleidee.it\/articoli\/wp-json\/wp\/v2\/comments?post=882"}],"version-history":[{"count":1,"href":"https:\/\/www.lemporiodelleidee.it\/articoli\/wp-json\/wp\/v2\/posts\/882\/revisions"}],"predecessor-version":[{"id":885,"href":"https:\/\/www.lemporiodelleidee.it\/articoli\/wp-json\/wp\/v2\/posts\/882\/revisions\/885"}],"wp:featuredmedia":[{"embeddable":true,"href":"https:\/\/www.lemporiodelleidee.it\/articoli\/wp-json\/wp\/v2\/media\/884"}],"wp:attachment":[{"href":"https:\/\/www.lemporiodelleidee.it\/articoli\/wp-json\/wp\/v2\/media?parent=882"}],"wp:term":[{"taxonomy":"category","embeddable":true,"href":"https:\/\/www.lemporiodelleidee.it\/articoli\/wp-json\/wp\/v2\/categories?post=882"},{"taxonomy":"post_tag","embeddable":true,"href":"https:\/\/www.lemporiodelleidee.it\/articoli\/wp-json\/wp\/v2\/tags?post=882"}],"curies":[{"name":"wp","href":"https:\/\/api.w.org\/{rel}","templated":true}]}}